{"id":182,"date":"2013-06-07T15:35:12","date_gmt":"2013-06-07T15:35:12","guid":{"rendered":"http:\/\/www.bombeirosvaledecambra.pt\/?p=182"},"modified":"2013-06-15T10:05:31","modified_gmt":"2013-06-15T10:05:31","slug":"curso-de-mergulho","status":"publish","type":"post","link":"http:\/\/www.bombeirosvaledecambra.pt\/?p=182","title":{"rendered":"Curso de Mergulho"},"content":{"rendered":"<p style=\"text-align: center;\"><img loading=\"lazy\" class=\"wp-image-194 aligncenter\" alt=\"DSC04763\" src=\"http:\/\/www.bombeirosvaledecambra.pt\/wp-content\/uploads\/2013\/06\/DSC047633.jpg\" width=\"640\" height=\"425\" \/>Decorreu ontem a entrega de Certificado do curso de mergulho, na sede da Federa\u00e7\u00e3o dos Bombeiros do Distrito de Aveiro, uma cerimonia singela mas carregada de um sentido de dever cumprido pelos formandos e formadores onde a partilha de experiencias foi o mais importante no grupo, a partir de agora o CB conta com 3 elementos inseridos num grupo Distrital com esta val\u00eancia na presta\u00e7\u00e3o do socorro, parab\u00e9ns aos nossos mergulhadores.<\/p>\n","protected":false},"excerpt":{"rendered":"<p>Decorreu ontem a entrega de Certificado do curso de mergulho, na sede da Federa\u00e7\u00e3o dos Bombeiros do Distrito de Aveiro, uma cerimonia singela mas carregada de um sentido de dever cumprido pelos formandos e formadores onde a partilha de experiencias foi o mais importante no grupo, a partir de agora o CB conta com 3 [&hellip;]<\/p>\n","protected":false},"author":4,"featured_media":0,"comment_status":"open","ping_status":"open","sticky":false,"template":"","format":"standard","meta":[],"categories":[1],"tags":[],"_links":{"self":[{"href":"http:\/\/www.bombeirosvaledecambra.pt\/index.php?rest_route=\/wp\/v2\/posts\/182"}],"collection":[{"href":"http:\/\/www.bombeirosvaledecambra.pt\/index.php?rest_route=\/wp\/v2\/posts"}],"about":[{"href":"http:\/\/www.bombeirosvaledecambra.pt\/index.php?rest_route=\/wp\/v2\/types\/post"}],"author":[{"embeddable":true,"href":"http:\/\/www.bombeirosvaledecambra.pt\/index.php?rest_route=\/wp\/v2\/users\/4"}],"replies":[{"embeddable":true,"href":"http:\/\/www.bombeirosvaledecambra.pt\/index.php?rest_route=%2Fwp%2Fv2%2Fcomments&post=182"}],"version-history":[{"count":6,"href":"http:\/\/www.bombeirosvaledecambra.pt\/index.php?rest_route=\/wp\/v2\/posts\/182\/revisions"}],"predecessor-version":[{"id":226,"href":"http:\/\/www.bombeirosvaledecambra.pt\/index.php?rest_route=\/wp\/v2\/posts\/182\/revisions\/226"}],"wp:attachment":[{"href":"http:\/\/www.bombeirosvaledecambra.pt\/index.php?rest_route=%2Fwp%2Fv2%2Fmedia&parent=182"}],"wp:term":[{"taxonomy":"category","embeddable":true,"href":"http:\/\/www.bombeirosvaledecambra.pt\/index.php?rest_route=%2Fwp%2Fv2%2Fcategories&post=182"},{"taxonomy":"post_tag","embeddable":true,"href":"http:\/\/www.bombeirosvaledecambra.pt\/index.php?rest_route=%2Fwp%2Fv2%2Ftags&post=182"}],"curies":[{"name":"wp","href":"https:\/\/api.w.org\/{rel}","templated":true}]}}