{"id":227,"date":"2013-06-15T13:36:51","date_gmt":"2013-06-15T13:36:51","guid":{"rendered":"http:\/\/www.bombeirosvaledecambra.pt\/?p=227"},"modified":"2013-06-15T13:36:51","modified_gmt":"2013-06-15T13:36:51","slug":"iio-acampamento-distrital-das-escolas-de-infantes-e-cadetes-de-aveiro","status":"publish","type":"post","link":"http:\/\/www.bombeirosvaledecambra.pt\/?p=227","title":{"rendered":"II\u00ba Acampamento Distrital das Escolas de Infantes e Cadetes de Aveiro"},"content":{"rendered":"<p style=\"text-align: right;\"><img loading=\"lazy\" class=\"wp-image-230 aligncenter\" alt=\"1013076_621722771171871_263394026_n\" src=\"http:\/\/www.bombeirosvaledecambra.pt\/wp-content\/uploads\/2013\/06\/1013076_621722771171871_263394026_n.jpg\" width=\"288\" height=\"216\" srcset=\"http:\/\/www.bombeirosvaledecambra.pt\/wp-content\/uploads\/2013\/06\/1013076_621722771171871_263394026_n.jpg 960w, http:\/\/www.bombeirosvaledecambra.pt\/wp-content\/uploads\/2013\/06\/1013076_621722771171871_263394026_n-300x225.jpg 300w\" sizes=\"(max-width: 288px) 100vw, 288px\" \/><\/p>\n<p>Realizou-se no passado dia 8 e 9 de Junho, o 2\u00ba acampamento das escolas de infantes e cadetes do distrito de Aveiro, organizado pelo corpo de Bombeiros de Aveiro Novos.<br \/>\nMais de uma centena de participantes de v\u00e1rios corpos de bombeiros do distrito responderam de forma positiva a esta iniciativa, e Vale de Cambra, como seria de esperar, esteve presente com a sua.<br \/>\nCom um programa variado, desde as 9 horas e 30 minutos que os participantes podiam levantar a respetiva documenta\u00e7\u00e3o do secretariado, iniciando desde essa hora a montagem do acampamento no Cais da Fonte Nova na cidade de Aveiro. Perip\u00e9cias n\u00e3o faltaram durante o resto do dia, culminando numa atividade noturna, preparada com todo o cuidado pela organiza\u00e7\u00e3o.<br \/>\nNa manh\u00e3 seguinte, ap\u00f3s terem recuperado as for\u00e7as com um belo pequeno almo\u00e7o, realizaram um rol de atividades, at\u00e9 \u00e1 hora do almo\u00e7o, tendo em seguida dado in\u00edcio \u00e1 sess\u00e3o de encerramento e respetivo desfile pelas art\u00e9rias da cidade.<\/p>\n<p><img loading=\"lazy\" class=\"wp-image-233 aligncenter\" alt=\"1008251_408467305934901_677292099_o\" src=\"http:\/\/www.bombeirosvaledecambra.pt\/wp-content\/uploads\/2013\/06\/1008251_408467305934901_677292099_o.jpg\" width=\"500\" height=\"350\" \/><\/p>\n","protected":false},"excerpt":{"rendered":"<p>Realizou-se no passado dia 8 e 9 de Junho, o 2\u00ba acampamento das escolas de infantes e cadetes do distrito de Aveiro, organizado pelo corpo de Bombeiros de Aveiro Novos. Mais de uma centena de participantes de v\u00e1rios corpos de bombeiros do distrito responderam de forma positiva a esta iniciativa, e Vale de Cambra, como [&hellip;]<\/p>\n","protected":false},"author":4,"featured_media":0,"comment_status":"open","ping_status":"open","sticky":false,"template":"","format":"standard","meta":[],"categories":[1],"tags":[],"_links":{"self":[{"href":"http:\/\/www.bombeirosvaledecambra.pt\/index.php?rest_route=\/wp\/v2\/posts\/227"}],"collection":[{"href":"http:\/\/www.bombeirosvaledecambra.pt\/index.php?rest_route=\/wp\/v2\/posts"}],"about":[{"href":"http:\/\/www.bombeirosvaledecambra.pt\/index.php?rest_route=\/wp\/v2\/types\/post"}],"author":[{"embeddable":true,"href":"http:\/\/www.bombeirosvaledecambra.pt\/index.php?rest_route=\/wp\/v2\/users\/4"}],"replies":[{"embeddable":true,"href":"http:\/\/www.bombeirosvaledecambra.pt\/index.php?rest_route=%2Fwp%2Fv2%2Fcomments&post=227"}],"version-history":[{"count":10,"href":"http:\/\/www.bombeirosvaledecambra.pt\/index.php?rest_route=\/wp\/v2\/posts\/227\/revisions"}],"predecessor-version":[{"id":241,"href":"http:\/\/www.bombeirosvaledecambra.pt\/index.php?rest_route=\/wp\/v2\/posts\/227\/revisions\/241"}],"wp:attachment":[{"href":"http:\/\/www.bombeirosvaledecambra.pt\/index.php?rest_route=%2Fwp%2Fv2%2Fmedia&parent=227"}],"wp:term":[{"taxonomy":"category","embeddable":true,"href":"http:\/\/www.bombeirosvaledecambra.pt\/index.php?rest_route=%2Fwp%2Fv2%2Fcategories&post=227"},{"taxonomy":"post_tag","embeddable":true,"href":"http:\/\/www.bombeirosvaledecambra.pt\/index.php?rest_route=%2Fwp%2Fv2%2Ftags&post=227"}],"curies":[{"name":"wp","href":"https:\/\/api.w.org\/{rel}","templated":true}]}}