{"id":313,"date":"2013-07-08T20:49:04","date_gmt":"2013-07-08T20:49:04","guid":{"rendered":"http:\/\/www.bombeirosvaledecambra.pt\/?p=313"},"modified":"2013-07-08T20:49:04","modified_gmt":"2013-07-08T20:49:04","slug":"1o-grande-concurso-de-pesca-desportiva-adiado","status":"publish","type":"post","link":"http:\/\/www.bombeirosvaledecambra.pt\/?p=313","title":{"rendered":"1\u00ba Grande concurso de pesca desportiva &#8211; ADIADO"},"content":{"rendered":"<p data-ft=\"{&quot;type&quot;:1,&quot;tn&quot;:&quot;K&quot;}\">\u00c9 com pena que tivemos que adiar este grande concurso.<\/p>\n<p>Este adiamento deveu-se sobre tudo ao tempo que se fez sentir no passado dia 5 do corrente m\u00eas, pois a temperatura e Vale de Cambra rondava os 40\u00ba, o que originou, em primeiro lugar \u00e0 desloca\u00e7\u00e3o de uma viatura deste quartel em socorro aos colegas de Sever do Vouga, no grande inc\u00eandio que ainda est\u00e1 a lavrar, na sua \u00e1rea de interven\u00e7\u00e3o, e em segundo lugar, \u00e0 deflagra\u00e7\u00e3o de um inc\u00eandio no nosso concelho, mais propriamente no lugar de Souto Mau, tendo sido necess\u00e1rio ajuda de v\u00e1rias corpora\u00e7\u00f5es do distrito e n\u00e3o s\u00f3.<\/p>\n<p>Assim e em virtude de termos passado a um estado de alerta de cor laranja, a n\u00edvel distrital, vimo-nos for\u00e7ados a adiar o concurso, pois n\u00e3o ser\u00edamos correctos perante os participantes, se tiv\u00e9ssemos que abandonar o concurso, se existisse um inc\u00eandio durante a prova.<\/p>\n<p>A todos os concorrentes inscritos e aos nossos apoiantes, pedimos desculpas.<\/p>\n<p>Iremos arranjar nova data para este evento, que ser\u00e1 oportunamente divulgada e esperamos que tenhamos um novo recorde de participantes, que nos queiram ajudar.<\/p>\n<p>&nbsp;<\/p>\n","protected":false},"excerpt":{"rendered":"<p>\u00c9 com pena que tivemos que adiar este grande concurso. Este adiamento deveu-se sobre tudo ao tempo que se fez sentir no passado dia 5 do corrente m\u00eas, pois a temperatura e Vale de Cambra rondava os 40\u00ba, o que originou, em primeiro lugar \u00e0 desloca\u00e7\u00e3o de uma viatura deste quartel em socorro aos colegas [&hellip;]<\/p>\n","protected":false},"author":4,"featured_media":0,"comment_status":"open","ping_status":"open","sticky":false,"template":"","format":"standard","meta":[],"categories":[1],"tags":[],"_links":{"self":[{"href":"http:\/\/www.bombeirosvaledecambra.pt\/index.php?rest_route=\/wp\/v2\/posts\/313"}],"collection":[{"href":"http:\/\/www.bombeirosvaledecambra.pt\/index.php?rest_route=\/wp\/v2\/posts"}],"about":[{"href":"http:\/\/www.bombeirosvaledecambra.pt\/index.php?rest_route=\/wp\/v2\/types\/post"}],"author":[{"embeddable":true,"href":"http:\/\/www.bombeirosvaledecambra.pt\/index.php?rest_route=\/wp\/v2\/users\/4"}],"replies":[{"embeddable":true,"href":"http:\/\/www.bombeirosvaledecambra.pt\/index.php?rest_route=%2Fwp%2Fv2%2Fcomments&post=313"}],"version-history":[{"count":5,"href":"http:\/\/www.bombeirosvaledecambra.pt\/index.php?rest_route=\/wp\/v2\/posts\/313\/revisions"}],"predecessor-version":[{"id":318,"href":"http:\/\/www.bombeirosvaledecambra.pt\/index.php?rest_route=\/wp\/v2\/posts\/313\/revisions\/318"}],"wp:attachment":[{"href":"http:\/\/www.bombeirosvaledecambra.pt\/index.php?rest_route=%2Fwp%2Fv2%2Fmedia&parent=313"}],"wp:term":[{"taxonomy":"category","embeddable":true,"href":"http:\/\/www.bombeirosvaledecambra.pt\/index.php?rest_route=%2Fwp%2Fv2%2Fcategories&post=313"},{"taxonomy":"post_tag","embeddable":true,"href":"http:\/\/www.bombeirosvaledecambra.pt\/index.php?rest_route=%2Fwp%2Fv2%2Ftags&post=313"}],"curies":[{"name":"wp","href":"https:\/\/api.w.org\/{rel}","templated":true}]}}