{"id":343,"date":"2013-08-06T10:06:04","date_gmt":"2013-08-06T10:06:04","guid":{"rendered":"http:\/\/www.bombeirosvaledecambra.pt\/?p=343"},"modified":"2013-08-06T10:10:02","modified_gmt":"2013-08-06T10:10:02","slug":"comunicado-a-populacao","status":"publish","type":"post","link":"http:\/\/www.bombeirosvaledecambra.pt\/?p=343","title":{"rendered":"Comunicado \u00e0 popula\u00e7\u00e3o"},"content":{"rendered":"<p style=\"text-align: left;\"><img loading=\"lazy\" alt=\"\" src=\"http:\/\/avc.inem.pt\/avc\/stats_avc_site\/images\/inem_logo.gif\" width=\"100\" height=\"132\" \/><\/p>\n<p>&nbsp;<\/p>\n<p style=\"text-align: justify;\"><span style=\"font-family: 'times new roman', times; font-size: 22px;\">Pedidos de Socorro para Emerg\u00eancias M\u00e9dicas<\/span><\/p>\n<p style=\"text-align: justify;\"><span style=\"font-family: 'times new roman', times; font-size: 22px;\">Os Bombeiros Volunt\u00e1rios de Vale de Cambra fazem saber que ontem, dia 31 de Julho de 2013, nos foi comunicado, que o Instituto Nacional de Emerg\u00eancia M\u00e9dica (INEM), organismo coordenador do Sistema Integrado de Emerg\u00eancia M\u00e9dica (SIEM) em Portugal, que tem como miss\u00e3o definir, organizar, coordenar, participar e avaliar o referido sistema, n\u00e3o aceitaria mais chamadas de alerta de meios de socorro pr\u00e9-hospitalar dos bombeiros que n\u00e3o fossem, triadas pelo Centro de Orienta\u00e7\u00e3o de Doentes Urgentes (CODU) do INEM, com efeitos a partir da 00h00 do dia 01 de Agosto de 2013.<\/span><\/p>\n<p style=\"text-align: justify;\"><span style=\"font-family: 'times new roman', times; font-size: 22px;\">Desta forma e respeitando estas novas determina\u00e7\u00f5es, sempre que os bombeiros receberem diretamente uma chamada de emerg\u00eancia, ter\u00e3o que fazer a sua transfer\u00eancia para o CODU \u2013 INEM.<\/span><span style=\"font-family: 'times new roman', times; font-size: 22px;\">Assim, e por forma a garantir \u00e0 popula\u00e7\u00e3o, o melhor e mais diferenciado apoio t\u00e9cnico poss\u00edvel, desde o primeiro momento, todas as chamadas de emerg\u00eancia devem ser feitas atrav\u00e9s do Numero Europeu de Emerg\u00eancia \u2013 112.<\/span><\/p>\n<p style=\"text-align: justify;\"><img loading=\"lazy\" style=\"font-size: 13px; line-height: 19px;\" alt=\"\" src=\"https:\/\/fbcdn-sphotos-d-a.akamaihd.net\/hphotos-ak-prn2\/196967_103757579707300_7351664_n.jpg\" width=\"120\" height=\"152\" \/><\/p>\n","protected":false},"excerpt":{"rendered":"<p>&nbsp; Pedidos de Socorro para Emerg\u00eancias M\u00e9dicas Os Bombeiros Volunt\u00e1rios de Vale de Cambra fazem saber que ontem, dia 31 de Julho de 2013, nos foi comunicado, que o Instituto Nacional de Emerg\u00eancia M\u00e9dica (INEM), organismo coordenador do Sistema Integrado de Emerg\u00eancia M\u00e9dica (SIEM) em Portugal, que tem como miss\u00e3o definir, organizar, coordenar, participar e [&hellip;]<\/p>\n","protected":false},"author":4,"featured_media":0,"comment_status":"open","ping_status":"open","sticky":false,"template":"","format":"standard","meta":[],"categories":[1],"tags":[],"_links":{"self":[{"href":"http:\/\/www.bombeirosvaledecambra.pt\/index.php?rest_route=\/wp\/v2\/posts\/343"}],"collection":[{"href":"http:\/\/www.bombeirosvaledecambra.pt\/index.php?rest_route=\/wp\/v2\/posts"}],"about":[{"href":"http:\/\/www.bombeirosvaledecambra.pt\/index.php?rest_route=\/wp\/v2\/types\/post"}],"author":[{"embeddable":true,"href":"http:\/\/www.bombeirosvaledecambra.pt\/index.php?rest_route=\/wp\/v2\/users\/4"}],"replies":[{"embeddable":true,"href":"http:\/\/www.bombeirosvaledecambra.pt\/index.php?rest_route=%2Fwp%2Fv2%2Fcomments&post=343"}],"version-history":[{"count":8,"href":"http:\/\/www.bombeirosvaledecambra.pt\/index.php?rest_route=\/wp\/v2\/posts\/343\/revisions"}],"predecessor-version":[{"id":350,"href":"http:\/\/www.bombeirosvaledecambra.pt\/index.php?rest_route=\/wp\/v2\/posts\/343\/revisions\/350"}],"wp:attachment":[{"href":"http:\/\/www.bombeirosvaledecambra.pt\/index.php?rest_route=%2Fwp%2Fv2%2Fmedia&parent=343"}],"wp:term":[{"taxonomy":"category","embeddable":true,"href":"http:\/\/www.bombeirosvaledecambra.pt\/index.php?rest_route=%2Fwp%2Fv2%2Fcategories&post=343"},{"taxonomy":"post_tag","embeddable":true,"href":"http:\/\/www.bombeirosvaledecambra.pt\/index.php?rest_route=%2Fwp%2Fv2%2Ftags&post=343"}],"curies":[{"name":"wp","href":"https:\/\/api.w.org\/{rel}","templated":true}]}}