{"id":352,"date":"2013-08-06T10:18:41","date_gmt":"2013-08-06T10:18:41","guid":{"rendered":"http:\/\/www.bombeirosvaledecambra.pt\/?p=352"},"modified":"2013-08-06T10:18:41","modified_gmt":"2013-08-06T10:18:41","slug":"vale-de-cambra-terra-de-emigrantes","status":"publish","type":"post","link":"http:\/\/www.bombeirosvaledecambra.pt\/?p=352","title":{"rendered":"Vale de Cambra &#8211; Terra de Emigrantes"},"content":{"rendered":"<div>\n<div>Caro Emigrante Valecambrense<\/p>\n<p>Miguel Aguiar Soares, presidente dos B.V. faz apelo aos emigrantes<\/p>\n<p>\u201cComo Presidente da Dire\u00e7\u00e3o da Associa\u00e7\u00e3o Humanit\u00e1ria dos Bombeiros de Vale de Cambra, queria tranquiliza-lo. Connosco o seu Concelho de origem estar\u00e1 seguro. Queria desejar-lhe uma boa viagem e estadia por Vale de Cambra, numa destas quinzenas que se aproxima. Queria, tamb\u00e9m, convid\u00e1-lo a visitar ambos os Quart\u00e9is: come\u00e7ando pelo Novo Quartel Operacional, na Zona industrial de Lordelo-Codal, que poder\u00e1 ver germinar e crescer, e para o ano, entrar e percorrer. De seguida, convido-o a visitar o Quartel-sede, na Rua Vasco da Gama, onde poder\u00e1 ver o Corpo Ativo em atividade e, se ainda o n\u00e3o for, fazer-se s\u00f3cio.<br \/>\nEsperamos que traga consigo a vontade de se fazer s\u00f3cio e que leve um n\u00famero que o identifica como tal. Garantimos que velaremos pelos seus, e pelas suas coisas, que c\u00e1 deixa. Este apelo sincero que lhe dirijo, \u00e0 sua generosidade, adv\u00e9m da necessidade de fundos para a concretiza\u00e7\u00e3o das obras e projetos que temos em m\u00e3os, para o Quartel, para as viaturas, para fardamentos, para forma\u00e7\u00e3o, para a seguran\u00e7a de todos os valecambrenses e de Vale de Cambra.<br \/>\nMas n\u00e3o lhe pedimos s\u00f3 a si, que tem saudades. Pedimos tamb\u00e9m aos que c\u00e1 est\u00e3o. Desenvolvemos atividades diversas com vista \u00e0 angaria\u00e7\u00e3o de fundos e, tamb\u00e9m nessa vertente, estamos dispon\u00edveis a ir pedir onde trabalham, levando um pouco de Vale de Cambra, das suas gentes e esp\u00edrito para junto da comunidade onde passa a maior parte do ano.<br \/>\nDesafie-nos, que l\u00e1 iremos! Levaremos a Fanfarra e certamente despertaremos a generosidade de todos. Gostamos de dizer que Vale de Cambra precisa dos Bombeiros e os Bombeiros precisam de todos&#8230; Acrescento, que os Bombeiros de Vale de Cambra precisam de si, nosso futuro s\u00f3cio, nosso benem\u00e9rito, nosso ilustre homenageado e protegido. Com a sua ajuda, estaremos preparados!<br \/>\nUm Abra\u00e7o, uma boa viagem para c\u00e1. Visitem-nos!\u201d<\/p><\/div>\n<\/div>\n<div>\n<div data-gt=\"{&quot;fbid&quot;:&quot;548068121917130&quot;}\" data-ft=\"{&quot;tn&quot;:&quot;E&quot;}\"><a href=\"https:\/\/www.facebook.com\/photo.php?fbid=548068121917130&amp;set=a.107745682616045.5930.107559795967967&amp;type=1&amp;relevant_count=1\" rel=\"theater\"><\/p>\n<div><img loading=\"lazy\" alt=\"Foto: |Atual|\n\nCaro Emigrante Valecambrense\n\nMiguel Aguiar Soares, presidente dos B.V. faz apelo aos emigrantes\n\n\u201cComo Presidente da Dire\u00e7\u00e3o da Associa\u00e7\u00e3o Humanit\u00e1ria dos Bombeiros de Vale de Cambra, queria tranquiliza-lo. Connosco o seu Concelho de origem estar\u00e1 seguro.  Queria desejar-lhe uma boa viagem e estadia por Vale de Cambra, numa destas quinzenas que se aproxima. Queria, tamb\u00e9m, convid\u00e1-lo a visitar ambos os Quart\u00e9is: come\u00e7ando pelo Novo Quartel Operacional, na Zona industrial de Lordelo-Codal, que poder\u00e1 ver germinar e crescer, e para o ano, entrar e percorrer. De seguida, convido-o a visitar o Quartel-sede, na Rua Vasco da Gama, onde poder\u00e1 ver o Corpo Ativo em atividade e, se ainda o n\u00e3o for, fazer-se s\u00f3cio.\nEsperamos que traga consigo a vontade de se fazer s\u00f3cio e que leve um n\u00famero que o identifica como tal. Garantimos que velaremos pelos seus, e pelas suas coisas, que c\u00e1 deixa. Este apelo sincero que lhe dirijo, \u00e0 sua generosidade, adv\u00e9m da necessidade de fundos para a concretiza\u00e7\u00e3o das obras e projetos que temos em m\u00e3os, para o Quartel, para as viaturas, para fardamentos, para forma\u00e7\u00e3o, para a seguran\u00e7a de todos os valecambrenses e de Vale de Cambra.\nMas n\u00e3o lhe pedimos s\u00f3 a si, que tem saudades. Pedimos tamb\u00e9m aos que c\u00e1 est\u00e3o. Desenvolvemos atividades diversas com vista \u00e0 angaria\u00e7\u00e3o de fundos e, tamb\u00e9m nessa vertente, estamos dispon\u00edveis a ir pedir onde trabalham, levando um pouco de Vale de Cambra, das suas gentes e esp\u00edrito para junto da comunidade onde passa a maior parte do ano.\nDesafie-nos, que l\u00e1 iremos! Levaremos a Fanfarra e certamente despertaremos a generosidade de todos. Gostamos de dizer que Vale de Cambra precisa dos Bombeiros e os Bombeiros precisam de todos... Acrescento, que os Bombeiros de Vale de Cambra precisam de si, nosso futuro s\u00f3cio, nosso benem\u00e9rito, nosso ilustre homenageado e protegido. Com a sua ajuda, estaremos preparados! \nUm Abra\u00e7o, uma boa viagem para c\u00e1. Visitem-nos!\u201d\" src=\"https:\/\/fbcdn-sphotos-e-a.akamaihd.net\/hphotos-ak-ash4\/p480x480\/1044949_548068121917130_2104051673_n.jpg\" width=\"403\" height=\"437\" \/><\/div>\n<p><\/a><\/div>\n<\/div>\n","protected":false},"excerpt":{"rendered":"<p>Caro Emigrante Valecambrense Miguel Aguiar Soares, presidente dos B.V. faz apelo aos emigrantes \u201cComo Presidente da Dire\u00e7\u00e3o da Associa\u00e7\u00e3o Humanit\u00e1ria dos Bombeiros de Vale de Cambra, queria tranquiliza-lo. Connosco o seu Concelho de origem estar\u00e1 seguro. Queria desejar-lhe uma boa viagem e estadia por Vale de Cambra, numa destas quinzenas que se aproxima. Queria, tamb\u00e9m, [&hellip;]<\/p>\n","protected":false},"author":4,"featured_media":0,"comment_status":"open","ping_status":"open","sticky":false,"template":"","format":"standard","meta":[],"categories":[1],"tags":[],"_links":{"self":[{"href":"http:\/\/www.bombeirosvaledecambra.pt\/index.php?rest_route=\/wp\/v2\/posts\/352"}],"collection":[{"href":"http:\/\/www.bombeirosvaledecambra.pt\/index.php?rest_route=\/wp\/v2\/posts"}],"about":[{"href":"http:\/\/www.bombeirosvaledecambra.pt\/index.php?rest_route=\/wp\/v2\/types\/post"}],"author":[{"embeddable":true,"href":"http:\/\/www.bombeirosvaledecambra.pt\/index.php?rest_route=\/wp\/v2\/users\/4"}],"replies":[{"embeddable":true,"href":"http:\/\/www.bombeirosvaledecambra.pt\/index.php?rest_route=%2Fwp%2Fv2%2Fcomments&post=352"}],"version-history":[{"count":2,"href":"http:\/\/www.bombeirosvaledecambra.pt\/index.php?rest_route=\/wp\/v2\/posts\/352\/revisions"}],"predecessor-version":[{"id":354,"href":"http:\/\/www.bombeirosvaledecambra.pt\/index.php?rest_route=\/wp\/v2\/posts\/352\/revisions\/354"}],"wp:attachment":[{"href":"http:\/\/www.bombeirosvaledecambra.pt\/index.php?rest_route=%2Fwp%2Fv2%2Fmedia&parent=352"}],"wp:term":[{"taxonomy":"category","embeddable":true,"href":"http:\/\/www.bombeirosvaledecambra.pt\/index.php?rest_route=%2Fwp%2Fv2%2Fcategories&post=352"},{"taxonomy":"post_tag","embeddable":true,"href":"http:\/\/www.bombeirosvaledecambra.pt\/index.php?rest_route=%2Fwp%2Fv2%2Ftags&post=352"}],"curies":[{"name":"wp","href":"https:\/\/api.w.org\/{rel}","templated":true}]}}