{"id":366,"date":"2013-08-17T12:21:35","date_gmt":"2013-08-17T12:21:35","guid":{"rendered":"http:\/\/www.bombeirosvaledecambra.pt\/?p=366"},"modified":"2013-08-17T12:21:35","modified_gmt":"2013-08-17T12:21:35","slug":"agradecimento-a-populacao","status":"publish","type":"post","link":"http:\/\/www.bombeirosvaledecambra.pt\/?p=366","title":{"rendered":"Agradecimento \u00e0 popula\u00e7\u00e3o"},"content":{"rendered":"<p><span style=\"font-size: 20px;\">A Dire\u00e7\u00e3o, Comando e Corpo Ativo da Associa\u00e7\u00e3o Humanit\u00e1ria dos Bombeiros Volunt\u00e1rios de Vale de Cambra, vem por este meio agradecer a todos os que contribu\u00edram para a angaria\u00e7\u00e3o de fundos para a constru\u00e7\u00e3o do novo quartel, aquando a romaria das festas de Nossa Senhora da Serra em S\u00e3o Pedro de Castel\u00f5es.<\/span><br \/>\n<span style=\"font-size: 20px;\"> O contributo recebido, vai ajudar-nos na constru\u00e7\u00e3o da nova casa, situada na zona industrial de Lordelo, que j\u00e1 se iniciou.<\/span><\/p>\n<p>&nbsp;<\/p>\n<p><span style=\"font-size: 20px;\">A Dire\u00e7\u00e3o, Comando e Corpo Ativo<\/span><\/p>\n<p>&nbsp;<\/p>\n<p style=\"text-align: center;\"><img loading=\"lazy\" class=\" wp-image-370 aligncenter\" alt=\"1097250_518309061585481_1968832688_o\" src=\"http:\/\/www.bombeirosvaledecambra.pt\/wp-content\/uploads\/2013\/08\/1097250_518309061585481_1968832688_o.jpg\" width=\"650\" height=\"390\" \/><\/p>\n<p>&nbsp;<\/p>\n","protected":false},"excerpt":{"rendered":"<p>A Dire\u00e7\u00e3o, Comando e Corpo Ativo da Associa\u00e7\u00e3o Humanit\u00e1ria dos Bombeiros Volunt\u00e1rios de Vale de Cambra, vem por este meio agradecer a todos os que contribu\u00edram para a angaria\u00e7\u00e3o de fundos para a constru\u00e7\u00e3o do novo quartel, aquando a romaria das festas de Nossa Senhora da Serra em S\u00e3o Pedro de Castel\u00f5es. O contributo recebido, [&hellip;]<\/p>\n","protected":false},"author":4,"featured_media":0,"comment_status":"open","ping_status":"open","sticky":false,"template":"","format":"standard","meta":[],"categories":[1],"tags":[],"_links":{"self":[{"href":"http:\/\/www.bombeirosvaledecambra.pt\/index.php?rest_route=\/wp\/v2\/posts\/366"}],"collection":[{"href":"http:\/\/www.bombeirosvaledecambra.pt\/index.php?rest_route=\/wp\/v2\/posts"}],"about":[{"href":"http:\/\/www.bombeirosvaledecambra.pt\/index.php?rest_route=\/wp\/v2\/types\/post"}],"author":[{"embeddable":true,"href":"http:\/\/www.bombeirosvaledecambra.pt\/index.php?rest_route=\/wp\/v2\/users\/4"}],"replies":[{"embeddable":true,"href":"http:\/\/www.bombeirosvaledecambra.pt\/index.php?rest_route=%2Fwp%2Fv2%2Fcomments&post=366"}],"version-history":[{"count":6,"href":"http:\/\/www.bombeirosvaledecambra.pt\/index.php?rest_route=\/wp\/v2\/posts\/366\/revisions"}],"predecessor-version":[{"id":469,"href":"http:\/\/www.bombeirosvaledecambra.pt\/index.php?rest_route=\/wp\/v2\/posts\/366\/revisions\/469"}],"wp:attachment":[{"href":"http:\/\/www.bombeirosvaledecambra.pt\/index.php?rest_route=%2Fwp%2Fv2%2Fmedia&parent=366"}],"wp:term":[{"taxonomy":"category","embeddable":true,"href":"http:\/\/www.bombeirosvaledecambra.pt\/index.php?rest_route=%2Fwp%2Fv2%2Fcategories&post=366"},{"taxonomy":"post_tag","embeddable":true,"href":"http:\/\/www.bombeirosvaledecambra.pt\/index.php?rest_route=%2Fwp%2Fv2%2Ftags&post=366"}],"curies":[{"name":"wp","href":"https:\/\/api.w.org\/{rel}","templated":true}]}}