{"id":424,"date":"2014-01-02T20:30:52","date_gmt":"2014-01-02T20:30:52","guid":{"rendered":"http:\/\/www.bombeirosvaledecambra.pt\/?p=424"},"modified":"2014-01-02T20:33:58","modified_gmt":"2014-01-02T20:33:58","slug":"comemoracoes-do-dia-municipal-do-bombeiro-6-de-janeiro","status":"publish","type":"post","link":"http:\/\/www.bombeirosvaledecambra.pt\/?p=424","title":{"rendered":"Comemora\u00e7\u00f5es do Dia Municipal do Bombeiro &#8211; 6 de Janeiro"},"content":{"rendered":"<p>Ser\u00e1 no pr\u00f3ximo dia 6 de Janeiro que a C\u00e2mara Municipal ir\u00e1 levar a cabo uma exposi\u00e7\u00e3o, patente nos Pa\u00e7os do Concelho, tendo a sua abertura marcada para as 14 e 30 minutos, sem antes se realizar uma visita ao novo Quartel na Z.I. de Lordelo\/Codal.<\/p>\n<p>Esta exposi\u00e7\u00e3o est\u00e1 inclu\u00edda nas celebra\u00e7\u00f5es do 54\u00ba Anivers\u00e1rio da Associa\u00e7\u00e3o Humanit\u00e1ria dos Bombeiros Volunt\u00e1rios de Vale de Cambra, que se ir\u00e1 realizar no pr\u00f3ximo dia 12 de Janeiro, com v\u00e1rias atividades a realizar pelos Bombeiros de Vale de Cambra.<\/p>\n<div style=\"width: 590px\" class=\"wp-caption aligncenter\"><img loading=\"lazy\" alt=\"\" src=\"https:\/\/fbcdn-sphotos-b-a.akamaihd.net\/hphotos-ak-prn1\/1521557_601281303282284_1803756225_n.jpg\" width=\"580\" height=\"819\" \/><p class=\"wp-caption-text\">Cartaz das comemora\u00e7\u00f5es<\/p><\/div>\n<p>&#8220;Foi no dia 6 de Janeiro de 1960, que o Corpo de Bombeiros \u00e9 formado ap\u00f3s a funda\u00e7\u00e3o da Associa\u00e7\u00e3o, a primeira Escola de Bombeiros \u00e9 formada por 22 Jovens Valecambrenses, e para a qual veio o Instrutor Chefe Guilherme, dos Bombeiros de Oliveira de Azem\u00e9is, para dar instru\u00e7\u00e3o ao futuro corpo de Bombeiros de Vale de Cambra.<br \/>\nEm 1960 tem como seu 1\u00ba Comandante o Dr. Armindo Ferreira Matos, o mesmo comandou o Corpo de Bombeiros at\u00e9 ao ano de 1972, ap\u00f3s a sua morte \u00e9 nomeado para comandante o Dr. Antonio Jose Tavares Prado e Castro, que se manteve em fun\u00e7\u00f5es at\u00e9 ao ano de 1973, pois o mesmo encontrava se em regime de substitui\u00e7\u00e3o.<br \/>\nNesse ano de 1973 \u00e9 nomeado para comandante o Comandante Armindo da Silva Ferreira de Matos, mantendo se sozinho no Comando do Corpo de Bombeiros, at\u00e9 que em 1977 \u00e9 nomeado para seu ajudante o Jos\u00e9 Augusto de Almeida, Sub- Chefe do Corpo de Bombeiros e Homem que foi da Primeira Escola.<br \/>\nEsta equipa de comando manteve se at\u00e9 1985, ano em que \u00e9 nomeado para 2\u00ba Comandante Virg\u00edlio Nabais da Cunha, motorista que era do Quadro Auxiliar, passando o Comando a contar com 3 Elementos, Comandante, 2\u00ba Comandante e ajudante do Comando.<br \/>\nComando que se manteve at\u00e9 ao ano de 1990, saindo o Comandante Armindo da Silva Ferreira de Matos e sendo nomeado para Comandante Virg\u00edlio Navais da Cunha o 2\u00ba Comandante Jos\u00e9 Augusto de Almeida e para Ajudante Augusto de Almeida Ferreira, Chefe do Quadro Ativo do Corpo de Bombeiros.<br \/>\nEm 1995 com a sa\u00edda do Comandante Virg\u00edlio Nabais da Cunha \u00e9 nomeado de novo o Comandante Armindo da Silva Ferreira de Matos para os destinos do Corpo de Bombeiros de Vale de Cambra, este manteve se em fun\u00e7\u00f5es at\u00e9 ao ano de 1997.<br \/>\nApos a sua morte, \u00e9 nomeado o Comandante Armando Barbosa de Almeida, Bombeiro de 2\u00ba Classe, que era do Corpo Ativo tendo como 2\u00aa Comandante Jos\u00e9 augusto de Almeida e o Ajudante Augusto de Almeida Ferreira, Comando que liderou os destinos at\u00e9 ao ano de 2001.<br \/>\nNesse ano com as altera\u00e7\u00f5es introduzidas pelo Servi\u00e7o Nacional de Bombeiros, o Comando passa a contar com 4 elementos mantendo se o Comandante Armando Barbosa de Almeida o 2\u00ba Comandante Jos\u00e9 Augusto de Almeida e sendo nomeados para Adjuntos do Comando o Bombeiro de 1\u00aa Classe Victor Manuel Machado Ferreira e o Bombeiro de 2\u00ba Classe Filipe Jos\u00e9 Gomes de Aguiar.<br \/>\nComando que em 2009, com a sa\u00edda do Comandante Armando Barbosa de Almeida e a passagem do 2\u00ba Comandante ao Quadro de Honra, \u00e9 nomeado o Comando atual, sendo o Comandante Victor Manuel Machado Ferreira o 2\u00ba Comandante Filipe Jos\u00e9 Gomes de Aguiar e os Adjuntos do Comando Paulo Rui Almeida Gon\u00e7alves, Bombeiro de 1\u00aa Classe e Filipe Nuno dos Santos Martins Bombeiro de 2\u00aa Classe deste Corpo de Bombeiros.&#8221;<\/p>\n<p>&nbsp;<\/p>\n","protected":false},"excerpt":{"rendered":"<p>Ser\u00e1 no pr\u00f3ximo dia 6 de Janeiro que a C\u00e2mara Municipal ir\u00e1 levar a cabo uma exposi\u00e7\u00e3o, patente nos Pa\u00e7os do Concelho, tendo a sua abertura marcada para as 14 e 30 minutos, sem antes se realizar uma visita ao novo Quartel na Z.I. de Lordelo\/Codal. Esta exposi\u00e7\u00e3o est\u00e1 inclu\u00edda nas celebra\u00e7\u00f5es do 54\u00ba Anivers\u00e1rio [&hellip;]<\/p>\n","protected":false},"author":4,"featured_media":0,"comment_status":"open","ping_status":"open","sticky":false,"template":"","format":"standard","meta":[],"categories":[1],"tags":[],"_links":{"self":[{"href":"http:\/\/www.bombeirosvaledecambra.pt\/index.php?rest_route=\/wp\/v2\/posts\/424"}],"collection":[{"href":"http:\/\/www.bombeirosvaledecambra.pt\/index.php?rest_route=\/wp\/v2\/posts"}],"about":[{"href":"http:\/\/www.bombeirosvaledecambra.pt\/index.php?rest_route=\/wp\/v2\/types\/post"}],"author":[{"embeddable":true,"href":"http:\/\/www.bombeirosvaledecambra.pt\/index.php?rest_route=\/wp\/v2\/users\/4"}],"replies":[{"embeddable":true,"href":"http:\/\/www.bombeirosvaledecambra.pt\/index.php?rest_route=%2Fwp%2Fv2%2Fcomments&post=424"}],"version-history":[{"count":8,"href":"http:\/\/www.bombeirosvaledecambra.pt\/index.php?rest_route=\/wp\/v2\/posts\/424\/revisions"}],"predecessor-version":[{"id":431,"href":"http:\/\/www.bombeirosvaledecambra.pt\/index.php?rest_route=\/wp\/v2\/posts\/424\/revisions\/431"}],"wp:attachment":[{"href":"http:\/\/www.bombeirosvaledecambra.pt\/index.php?rest_route=%2Fwp%2Fv2%2Fmedia&parent=424"}],"wp:term":[{"taxonomy":"category","embeddable":true,"href":"http:\/\/www.bombeirosvaledecambra.pt\/index.php?rest_route=%2Fwp%2Fv2%2Fcategories&post=424"},{"taxonomy":"post_tag","embeddable":true,"href":"http:\/\/www.bombeirosvaledecambra.pt\/index.php?rest_route=%2Fwp%2Fv2%2Ftags&post=424"}],"curies":[{"name":"wp","href":"https:\/\/api.w.org\/{rel}","templated":true}]}}