{"id":437,"date":"2014-01-13T22:18:06","date_gmt":"2014-01-13T22:18:06","guid":{"rendered":"http:\/\/www.bombeirosvaledecambra.pt\/?p=437"},"modified":"2014-01-15T22:42:05","modified_gmt":"2014-01-15T22:42:05","slug":"comemoracoes-do-54o-aniversario-da-associacao-humanitaria-dos-bombeiros-voluntarios-de-vale-de-cambra","status":"publish","type":"post","link":"http:\/\/www.bombeirosvaledecambra.pt\/?p=437","title":{"rendered":"Comemora\u00e7\u00f5es do 54\u00ba Anivers\u00e1rio da Associa\u00e7\u00e3o Humanit\u00e1ria dos Bombeiros Volunt\u00e1rios de Vale de cambra"},"content":{"rendered":"<p>Foi com a presen\u00e7a do Secret\u00e1rio de Estado da Administra\u00e7\u00e3o Interna, Dr. Jo\u00e3o Almeida, que se deu in\u00edcio \u00e1s comemora\u00e7\u00f5es do 54\u00ba Anivers\u00e1rio da Associa\u00e7\u00e3o Humanit\u00e1ria dos Bombeiros Volunt\u00e1rios de Vale de Cambra.<br \/>\nAp\u00f3s a recep\u00e7\u00e3o \u00e1s respectivas entidades convidadas, procedeu-se ao hastear das bandeiras, com formatura geral dos homens e mulheres que fazem parte desta t\u00e3o grande &#8220;CASA&#8221;.<br \/>\nFindas estas cerim\u00f3nias protocolares, deu-se in\u00edcio \u00e0 sess\u00e3o solene, onde discursaram as mais variadas entidades.<br \/>\nDe reter as palavras do Presidente do Munic\u00edpio que apelara a que o governante apoiasse a aquisi\u00e7\u00e3o de uma ambul\u00e2ncia para atender &#8220;\u00e0s necessidades de socorro das popula\u00e7\u00f5es que vivem nas zonas mais altas do concelho&#8221;, frequentemente sujeitas \u00e0 queda de neve.<br \/>\nAp\u00f3s este discursar, o governante n\u00e3o comentou especificamente essa situa\u00e7\u00e3o, mas declarou: &#8220;O pa\u00eds vive dificuldades e constrangimentos na despesa p\u00fablica, mas numa \u00e1rea t\u00e3o importante como esta, em que n\u00e3o se pode perder a no\u00e7\u00e3o do rigor, tamb\u00e9m n\u00e3o se pode perder a no\u00e7\u00e3o da prioridade&#8221;.<br \/>\nReferindo que est\u00e1 a acompanhar a realiza\u00e7\u00e3o de um concurso p\u00fablico para aquisi\u00e7\u00e3o dos equipamentos de protec\u00e7\u00e3o individual para os bombeiros portugueses, Jo\u00e3o Almeida disse que &#8220;\u00e9 pretens\u00e3o do Governo&#8221; proporcionar a esses operacionais as condi\u00e7\u00f5es m\u00ednimas para o seu trabalho.<br \/>\n&#8220;Se os bombeiros portugueses forem para o terreno realizar um combate t\u00e3o dif\u00edcil como o que sabemos que enfrentam&#8221;, real\u00e7ou o governante, &#8220;o m\u00ednimo \u00e9 que tenham condi\u00e7\u00f5es para o fazer com seguran\u00e7a&#8221;.<br \/>\nJo\u00e3o Almeida revelou a manuten\u00e7\u00e3o da aposta na forma\u00e7\u00e3o e, j\u00e1 no \u00e2mbito das telecomunica\u00e7\u00f5es, comprometeu-se a que, &#8220;t\u00e3o cedo quanto poss\u00edvel, sejam entregues os r\u00e1dios \u00e0s corpora\u00e7\u00f5es e essas estejam melhor servidas do que est\u00e3o neste momento&#8221;.<br \/>\nQuanto \u00e0 actividade concreta da corpora\u00e7\u00e3o do munic\u00edpio, que em 2013 respondeu a mais de 7500 ocorr\u00eancias com recurso a um corpo activo de 90 bombeiros volunt\u00e1rios e 15 profissionais, o secret\u00e1rio de Estado elogiou o projecto de constru\u00e7\u00e3o de um novo quartel operacional &#8211; j\u00e1 em curso.<br \/>\n&#8220;A melhor forma de honrarem o vosso patrim\u00f3nio \u00e9 darem novos passos&#8221;, defendeu Jo\u00e3o Almeida. &#8220;Conseguem empreender projectos t\u00e3o ambiciosos como um novo quartel e uma nova viatura, e obviamente que, dentro das limita\u00e7\u00f5es existentes, estudaremos todos os apoios poss\u00edveis para que possam concretizar esses sonhos&#8221;, acrescentou.<br \/>\nNo fim desta sess\u00e3o solene, procedeu-se \u00e0 b\u00ean\u00e7\u00e3o e inaugura\u00e7\u00e3o de um novo Ve\u00edculo Florestal de Combate a Inc\u00eandios, o qual representou um donativo de 120.000 euros de um benem\u00e9rito local.<br \/>\nComo \u00e9 tradi\u00e7\u00e3o e n\u00e3o querendo esquecer os antepassados, rumou-se de seguida ao Santu\u00e1rio de Santo Ant\u00f3nio, onde se realizou uma missa de sufr\u00e1gio.<\/p>\n","protected":false},"excerpt":{"rendered":"<p>Foi com a presen\u00e7a do Secret\u00e1rio de Estado da Administra\u00e7\u00e3o Interna, Dr. Jo\u00e3o Almeida, que se deu in\u00edcio \u00e1s comemora\u00e7\u00f5es do 54\u00ba Anivers\u00e1rio da Associa\u00e7\u00e3o Humanit\u00e1ria dos Bombeiros Volunt\u00e1rios de Vale de Cambra. Ap\u00f3s a recep\u00e7\u00e3o \u00e1s respectivas entidades convidadas, procedeu-se ao hastear das bandeiras, com formatura geral dos homens e mulheres que fazem parte [&hellip;]<\/p>\n","protected":false},"author":4,"featured_media":0,"comment_status":"open","ping_status":"open","sticky":false,"template":"","format":"standard","meta":[],"categories":[1],"tags":[],"_links":{"self":[{"href":"http:\/\/www.bombeirosvaledecambra.pt\/index.php?rest_route=\/wp\/v2\/posts\/437"}],"collection":[{"href":"http:\/\/www.bombeirosvaledecambra.pt\/index.php?rest_route=\/wp\/v2\/posts"}],"about":[{"href":"http:\/\/www.bombeirosvaledecambra.pt\/index.php?rest_route=\/wp\/v2\/types\/post"}],"author":[{"embeddable":true,"href":"http:\/\/www.bombeirosvaledecambra.pt\/index.php?rest_route=\/wp\/v2\/users\/4"}],"replies":[{"embeddable":true,"href":"http:\/\/www.bombeirosvaledecambra.pt\/index.php?rest_route=%2Fwp%2Fv2%2Fcomments&post=437"}],"version-history":[{"count":5,"href":"http:\/\/www.bombeirosvaledecambra.pt\/index.php?rest_route=\/wp\/v2\/posts\/437\/revisions"}],"predecessor-version":[{"id":459,"href":"http:\/\/www.bombeirosvaledecambra.pt\/index.php?rest_route=\/wp\/v2\/posts\/437\/revisions\/459"}],"wp:attachment":[{"href":"http:\/\/www.bombeirosvaledecambra.pt\/index.php?rest_route=%2Fwp%2Fv2%2Fmedia&parent=437"}],"wp:term":[{"taxonomy":"category","embeddable":true,"href":"http:\/\/www.bombeirosvaledecambra.pt\/index.php?rest_route=%2Fwp%2Fv2%2Fcategories&post=437"},{"taxonomy":"post_tag","embeddable":true,"href":"http:\/\/www.bombeirosvaledecambra.pt\/index.php?rest_route=%2Fwp%2Fv2%2Ftags&post=437"}],"curies":[{"name":"wp","href":"https:\/\/api.w.org\/{rel}","templated":true}]}}