{"id":467,"date":"2014-01-22T09:47:46","date_gmt":"2014-01-22T09:47:46","guid":{"rendered":"http:\/\/www.bombeirosvaledecambra.pt\/?p=467"},"modified":"2014-01-22T09:51:32","modified_gmt":"2014-01-22T09:51:32","slug":"simulacro-de-recuperacao-de-vitima-afogada","status":"publish","type":"post","link":"http:\/\/www.bombeirosvaledecambra.pt\/?p=467","title":{"rendered":"Simulacro de recupera\u00e7\u00e3o de &#8220;v\u00edtima afogada&#8221;"},"content":{"rendered":"<p><img src=\"https:\/\/lh5.googleusercontent.com\/-319C5fDf9LU\/Ut-TCWsA_gI\/AAAAAAABMKA\/uF00B4HsXIw\/w640-h427-no\/mergulho+%25283%2529.JPG\" alt=\"Equipa de mergulho\" \/><\/p>\n<p>Realizou-se no passado dia 19 de Janeiro, no Lago do Parque da Cidade, a apresenta\u00e7\u00e3o oficial da nova val\u00eancia dos Bombeiros Volunt\u00e1rios de Vale de Cambra, equipa de mergulho.<br \/>\nEsta equipa est\u00e1 inclu\u00edda na Equipa Distrital de Mergulho de Aveiro(EDMA), e conta com 3 elementos formados durante o ano transacto.<br \/>\nAp\u00f3s equiparem-se e fazerem-se \u00e0 \u00e1gua, os 3 elementos fizeram uma busca por todo o lago tendo encontrado a &#8220;v\u00edtima fict\u00edcia que ter\u00e1 cometido suic\u00eddio, atrav\u00e9s de afogamento&#8221;.<\/p>\n","protected":false},"excerpt":{"rendered":"<p>Realizou-se no passado dia 19 de Janeiro, no Lago do Parque da Cidade, a apresenta\u00e7\u00e3o oficial da nova val\u00eancia dos Bombeiros Volunt\u00e1rios de Vale de Cambra, equipa de mergulho. Esta equipa est\u00e1 inclu\u00edda na Equipa Distrital de Mergulho de Aveiro(EDMA), e conta com 3 elementos formados durante o ano transacto. Ap\u00f3s equiparem-se e fazerem-se \u00e0 [&hellip;]<\/p>\n","protected":false},"author":4,"featured_media":0,"comment_status":"open","ping_status":"open","sticky":false,"template":"","format":"standard","meta":[],"categories":[1],"tags":[],"_links":{"self":[{"href":"http:\/\/www.bombeirosvaledecambra.pt\/index.php?rest_route=\/wp\/v2\/posts\/467"}],"collection":[{"href":"http:\/\/www.bombeirosvaledecambra.pt\/index.php?rest_route=\/wp\/v2\/posts"}],"about":[{"href":"http:\/\/www.bombeirosvaledecambra.pt\/index.php?rest_route=\/wp\/v2\/types\/post"}],"author":[{"embeddable":true,"href":"http:\/\/www.bombeirosvaledecambra.pt\/index.php?rest_route=\/wp\/v2\/users\/4"}],"replies":[{"embeddable":true,"href":"http:\/\/www.bombeirosvaledecambra.pt\/index.php?rest_route=%2Fwp%2Fv2%2Fcomments&post=467"}],"version-history":[{"count":5,"href":"http:\/\/www.bombeirosvaledecambra.pt\/index.php?rest_route=\/wp\/v2\/posts\/467\/revisions"}],"predecessor-version":[{"id":472,"href":"http:\/\/www.bombeirosvaledecambra.pt\/index.php?rest_route=\/wp\/v2\/posts\/467\/revisions\/472"}],"wp:attachment":[{"href":"http:\/\/www.bombeirosvaledecambra.pt\/index.php?rest_route=%2Fwp%2Fv2%2Fmedia&parent=467"}],"wp:term":[{"taxonomy":"category","embeddable":true,"href":"http:\/\/www.bombeirosvaledecambra.pt\/index.php?rest_route=%2Fwp%2Fv2%2Fcategories&post=467"},{"taxonomy":"post_tag","embeddable":true,"href":"http:\/\/www.bombeirosvaledecambra.pt\/index.php?rest_route=%2Fwp%2Fv2%2Ftags&post=467"}],"curies":[{"name":"wp","href":"https:\/\/api.w.org\/{rel}","templated":true}]}}