{"id":649,"date":"2014-02-24T18:36:56","date_gmt":"2014-02-24T18:36:56","guid":{"rendered":"http:\/\/www.bombeirosvaledecambra.pt\/?p=649"},"modified":"2014-02-24T18:36:56","modified_gmt":"2014-02-24T18:36:56","slug":"convite-a-populacao-em-geral-para-a-assembleia-geral-ordinaria-no-dia-29-de-marco-de-2014","status":"publish","type":"post","link":"http:\/\/www.bombeirosvaledecambra.pt\/?p=649","title":{"rendered":"Convite \u00e0 popula\u00e7\u00e3o em geral para a Assembleia Geral Ordin\u00e1ria no dia 29 de Mar\u00e7o de 2014"},"content":{"rendered":"<p style=\"text-align: center;\"><a href=\"http:\/\/www.bombeirosvaledecambra.pt\/wp-content\/uploads\/2014\/02\/Page_1.jpeg\"><img loading=\"lazy\" class=\"aligncenter  wp-image-650\" alt=\"Page_1\" src=\"http:\/\/www.bombeirosvaledecambra.pt\/wp-content\/uploads\/2014\/02\/Page_1.jpeg\" width=\"546\" height=\"767\" srcset=\"http:\/\/www.bombeirosvaledecambra.pt\/wp-content\/uploads\/2014\/02\/Page_1.jpeg 2496w, http:\/\/www.bombeirosvaledecambra.pt\/wp-content\/uploads\/2014\/02\/Page_1-213x300.jpeg 213w, http:\/\/www.bombeirosvaledecambra.pt\/wp-content\/uploads\/2014\/02\/Page_1-729x1024.jpeg 729w\" sizes=\"(max-width: 546px) 100vw, 546px\" \/><\/a><\/p>\n","protected":false},"excerpt":{"rendered":"","protected":false},"author":4,"featured_media":0,"comment_status":"open","ping_status":"open","sticky":false,"template":"","format":"standard","meta":[],"categories":[1],"tags":[],"_links":{"self":[{"href":"http:\/\/www.bombeirosvaledecambra.pt\/index.php?rest_route=\/wp\/v2\/posts\/649"}],"collection":[{"href":"http:\/\/www.bombeirosvaledecambra.pt\/index.php?rest_route=\/wp\/v2\/posts"}],"about":[{"href":"http:\/\/www.bombeirosvaledecambra.pt\/index.php?rest_route=\/wp\/v2\/types\/post"}],"author":[{"embeddable":true,"href":"http:\/\/www.bombeirosvaledecambra.pt\/index.php?rest_route=\/wp\/v2\/users\/4"}],"replies":[{"embeddable":true,"href":"http:\/\/www.bombeirosvaledecambra.pt\/index.php?rest_route=%2Fwp%2Fv2%2Fcomments&post=649"}],"version-history":[{"count":3,"href":"http:\/\/www.bombeirosvaledecambra.pt\/index.php?rest_route=\/wp\/v2\/posts\/649\/revisions"}],"predecessor-version":[{"id":654,"href":"http:\/\/www.bombeirosvaledecambra.pt\/index.php?rest_route=\/wp\/v2\/posts\/649\/revisions\/654"}],"wp:attachment":[{"href":"http:\/\/www.bombeirosvaledecambra.pt\/index.php?rest_route=%2Fwp%2Fv2%2Fmedia&parent=649"}],"wp:term":[{"taxonomy":"category","embeddable":true,"href":"http:\/\/www.bombeirosvaledecambra.pt\/index.php?rest_route=%2Fwp%2Fv2%2Fcategories&post=649"},{"taxonomy":"post_tag","embeddable":true,"href":"http:\/\/www.bombeirosvaledecambra.pt\/index.php?rest_route=%2Fwp%2Fv2%2Ftags&post=649"}],"curies":[{"name":"wp","href":"https:\/\/api.w.org\/{rel}","templated":true}]}}