{"id":696,"date":"2014-05-13T14:46:24","date_gmt":"2014-05-13T14:46:24","guid":{"rendered":"http:\/\/www.bombeirosvaledecambra.pt\/?p=696"},"modified":"2014-05-13T14:46:24","modified_gmt":"2014-05-13T14:46:24","slug":"trilhos-serranos-2014","status":"publish","type":"post","link":"http:\/\/www.bombeirosvaledecambra.pt\/?p=696","title":{"rendered":"Trilhos Serranos 2014"},"content":{"rendered":"<p>\u00c9 j\u00e1 no pr\u00f3ximo dia 7 de Junho que iremos realizar o nosso OFF-ROAD tradicional.<\/p>\n<p>O cartaz j\u00e1 est\u00e1 a ser divulgado e as <a title=\"Ficha de Inscri\u00e7\u00e3o\" href=\"https:\/\/drive.google.com\/file\/d\/0B9BvveBcfxnKWHJqRkEzVEFZX28\/edit?usp=sharing\">fichas de inscri\u00e7\u00e3o <\/a>tamb\u00e9m.<\/p>\n<p style=\"text-align: center;\"><a href=\"http:\/\/www.bombeirosvaledecambra.pt\/wp-content\/uploads\/2014\/05\/1492213_755825674448003_310363981098451689_o.jpg\"><img loading=\"lazy\" class=\"aligncenter  wp-image-698\" alt=\"1492213_755825674448003_310363981098451689_o\" src=\"http:\/\/www.bombeirosvaledecambra.pt\/wp-content\/uploads\/2014\/05\/1492213_755825674448003_310363981098451689_o.jpg\" width=\"446\" height=\"631\" srcset=\"http:\/\/www.bombeirosvaledecambra.pt\/wp-content\/uploads\/2014\/05\/1492213_755825674448003_310363981098451689_o.jpg 1240w, http:\/\/www.bombeirosvaledecambra.pt\/wp-content\/uploads\/2014\/05\/1492213_755825674448003_310363981098451689_o-212x300.jpg 212w, http:\/\/www.bombeirosvaledecambra.pt\/wp-content\/uploads\/2014\/05\/1492213_755825674448003_310363981098451689_o-723x1024.jpg 723w\" sizes=\"(max-width: 446px) 100vw, 446px\" \/><\/a><\/p>\n<p>A Associa\u00e7\u00e3o Humanit\u00e1ria dos Bombeiros Volunt\u00e1rios de Vale de Cambra, convidam-no a participar uma vez mais num passeio todo terreno a realizar pelas belas paisagens da nossa \u00e1rea geogr\u00e1fica, no dia 7 de Junho. Este evento encontra-se inserido numa s\u00e9rie de eventos a realizar, com o \u00fanico intuito de angariar verbas para a constru\u00e7\u00e3o do novo quartel.<\/p>\n<p>A constru\u00e7\u00e3o j\u00e1 se deu in\u00edcio e prev\u00ea-se que a obra estar\u00e1 pronta no fim do ano corrente. Para tal necessitamos de verbas.<\/p>\n<p>Vale de Cambra, terra de contrastes, situa-se entre a natureza buc\u00f3lica da Serra da Freita, dos seus socalcos feitos de rio e ribeiros, de paisagens verdes e campos de cultivo e a modernidade constru\u00edda a pulso por aqueles que investiram a sua vis\u00e3o de futuro, nas potencialidades empresariais do munic\u00edpio. O potencial tur\u00edstico deste Vale ainda por descobrir \u00e9 imenso. T\u00e3o imenso quanto a sua grande \u00e1rea florestal (cerca de 70%), quanto a sua produ\u00e7\u00e3o artesanal (cuja exposi\u00e7\u00e3o decorre todos os anos no m\u00eas de Maio reunindo mais de meia centena de artes\u00e3o), quanto o curso do Rio Caima (principal rio que banha a localidade) e as aldeias de serra prontas a receber visitas, de bra\u00e7os abertos. Lado a lado com os edif\u00edcios modernos e rec\u00e9m constru\u00eddos da zona urbana, onde podemos encontrar exemplos de arquitetura moderna de qualidade, como o Santu\u00e1rio de Santo Ant\u00f3nio e a Biblioteca Municipal, apraz\u00edveis jardins e um com\u00e9rcio movimentado, convive a tradi\u00e7\u00e3o de aldeias mais long\u00ednquas (como Ar\u00f5es, Junqueira ou Cepelos), fontes de riqueza paisag\u00edstica, gastron\u00f3mica, artesanal. S\u00e3o tamb\u00e9m estas aldeias fontes de inesgot\u00e1veis hist\u00f3rias de vida de quem, mesmo hoje, sobrevive ao frio g\u00e9lido da serra ou aposta na tradi\u00e7\u00e3o oral de contos e lendas para continuar a viver pela zona mais alta do concelho. Vale de Cambra est\u00e1 pronto a recebe \u2013 lo, ansioso por poder mostrar-lhe os recantos mais agrad\u00e1veis e acolhedores deste munic\u00edpio de montanha.<\/p>\n","protected":false},"excerpt":{"rendered":"<p>\u00c9 j\u00e1 no pr\u00f3ximo dia 7 de Junho que iremos realizar o nosso OFF-ROAD tradicional. O cartaz j\u00e1 est\u00e1 a ser divulgado e as fichas de inscri\u00e7\u00e3o tamb\u00e9m. A Associa\u00e7\u00e3o Humanit\u00e1ria dos Bombeiros Volunt\u00e1rios de Vale de Cambra, convidam-no a participar uma vez mais num passeio todo terreno a realizar pelas belas paisagens da nossa [&hellip;]<\/p>\n","protected":false},"author":4,"featured_media":0,"comment_status":"open","ping_status":"open","sticky":false,"template":"","format":"standard","meta":[],"categories":[1],"tags":[],"_links":{"self":[{"href":"http:\/\/www.bombeirosvaledecambra.pt\/index.php?rest_route=\/wp\/v2\/posts\/696"}],"collection":[{"href":"http:\/\/www.bombeirosvaledecambra.pt\/index.php?rest_route=\/wp\/v2\/posts"}],"about":[{"href":"http:\/\/www.bombeirosvaledecambra.pt\/index.php?rest_route=\/wp\/v2\/types\/post"}],"author":[{"embeddable":true,"href":"http:\/\/www.bombeirosvaledecambra.pt\/index.php?rest_route=\/wp\/v2\/users\/4"}],"replies":[{"embeddable":true,"href":"http:\/\/www.bombeirosvaledecambra.pt\/index.php?rest_route=%2Fwp%2Fv2%2Fcomments&post=696"}],"version-history":[{"count":4,"href":"http:\/\/www.bombeirosvaledecambra.pt\/index.php?rest_route=\/wp\/v2\/posts\/696\/revisions"}],"predecessor-version":[{"id":701,"href":"http:\/\/www.bombeirosvaledecambra.pt\/index.php?rest_route=\/wp\/v2\/posts\/696\/revisions\/701"}],"wp:attachment":[{"href":"http:\/\/www.bombeirosvaledecambra.pt\/index.php?rest_route=%2Fwp%2Fv2%2Fmedia&parent=696"}],"wp:term":[{"taxonomy":"category","embeddable":true,"href":"http:\/\/www.bombeirosvaledecambra.pt\/index.php?rest_route=%2Fwp%2Fv2%2Fcategories&post=696"},{"taxonomy":"post_tag","embeddable":true,"href":"http:\/\/www.bombeirosvaledecambra.pt\/index.php?rest_route=%2Fwp%2Fv2%2Ftags&post=696"}],"curies":[{"name":"wp","href":"https:\/\/api.w.org\/{rel}","templated":true}]}}