{"id":706,"date":"2014-09-16T13:51:05","date_gmt":"2014-09-16T13:51:05","guid":{"rendered":"http:\/\/www.bombeirosvaledecambra.pt\/?p=706"},"modified":"2014-09-16T13:51:05","modified_gmt":"2014-09-16T13:51:05","slug":"banhos-publicos-donativo-para-esta-associacao","status":"publish","type":"post","link":"http:\/\/www.bombeirosvaledecambra.pt\/?p=706","title":{"rendered":"&#8220;Banhos p\u00fablicos&#8221; &#8211; donativo para esta Associa\u00e7\u00e3o"},"content":{"rendered":"<p><a href=\"http:\/\/www.bombeirosvaledecambra.pt\/wp-content\/uploads\/2014\/09\/10661796_730015173748201_4191955245930644285_o.jpg\"><img loading=\"lazy\" class=\"aligncenter wp-image-708 \" src=\"http:\/\/www.bombeirosvaledecambra.pt\/wp-content\/uploads\/2014\/09\/10661796_730015173748201_4191955245930644285_o-300x225.jpg\" alt=\"10661796_730015173748201_4191955245930644285_o\" width=\"523\" height=\"392\" srcset=\"http:\/\/www.bombeirosvaledecambra.pt\/wp-content\/uploads\/2014\/09\/10661796_730015173748201_4191955245930644285_o-300x225.jpg 300w, http:\/\/www.bombeirosvaledecambra.pt\/wp-content\/uploads\/2014\/09\/10661796_730015173748201_4191955245930644285_o-1024x768.jpg 1024w, http:\/\/www.bombeirosvaledecambra.pt\/wp-content\/uploads\/2014\/09\/10661796_730015173748201_4191955245930644285_o.jpg 2048w\" sizes=\"(max-width: 523px) 100vw, 523px\" \/><\/a><\/p>\n<p>Declara\u00e7\u00e3o do Comandante:<\/p>\n<p>&#8221; Desde de j\u00e1 o nosso bem haja, pelo contributo da Aryanna Monteiro, que apos ser desafiada para um banho publico, optou por enviar uma ajuda monet\u00e1ria para a nossa Institui\u00e7\u00e3o. Gratos por nos ajudar em t\u00e3o nobre causa.&#8221;<\/p>\n<p>&nbsp;<\/p>\n<p>Declara\u00e7\u00e3o do Presidente da Associa\u00e7\u00e3o Humanit\u00e1ria dos Bombeiros Volunt\u00e1rios de Vale de Cambra:<\/p>\n<p>&#8220;<span data-reactid=\".c0.1:3:1:$comment730015173748201_730020357081016:0.0.$right.0.$left.0.0.1:$comment-body.0.0\"><span data-reactid=\".c0.1:3:1:$comment730015173748201_730020357081016:0.0.$right.0.$left.0.0.1:$comment-body.0.0.$end:0:$0:0\">Como presidente da Direc\u00e7\u00e3o da Associa\u00e7\u00e3o Humanit\u00e1ria dos Bombeiros Volunt\u00e1rios de Vale de Cambra, permita-me que lhe enderece, em meu nome pessoal, em nome da equipa de que fa\u00e7o parte, em nome dos Bombeiros de Vale de Cambra e em nome da popula\u00e7\u00e3o po<\/span><\/span><span data-reactid=\".c0.1:3:1:$comment730015173748201_730020357081016:0.0.$right.0.$left.0.0.1:$comment-body.0.3\"><span data-reactid=\".c0.1:3:1:$comment730015173748201_730020357081016:0.0.$right.0.$left.0.0.1:$comment-body.0.3.0\"><span data-reactid=\".c0.1:3:1:$comment730015173748201_730020357081016:0.0.$right.0.$left.0.0.1:$comment-body.0.3.0.$end:0:$0:0\">r eles protegida, um sincero obrigado. Exemplos como o seu fazem-nos acreditar que as gera\u00e7\u00f5es vindouras sabem dar valor ao trabalho volunt\u00e1rio e ao esfor\u00e7o desenvolvido pelos soldados da paz.<\/span><br data-reactid=\".c0.1:3:1:$comment730015173748201_730020357081016:0.0.$right.0.$left.0.0.1:$comment-body.0.3.0.$end:0:$1:0\" \/><span data-reactid=\".c0.1:3:1:$comment730015173748201_730020357081016:0.0.$right.0.$left.0.0.1:$comment-body.0.3.0.$end:0:$2:0\">Obrigado, Aryanna. \u00c9 um gosto conviver neste mundo com pessoas como tu!<\/span><br data-reactid=\".c0.1:3:1:$comment730015173748201_730020357081016:0.0.$right.0.$left.0.0.1:$comment-body.0.3.0.$end:0:$3:0\" \/><span data-reactid=\".c0.1:3:1:$comment730015173748201_730020357081016:0.0.$right.0.$left.0.0.1:$comment-body.0.3.0.$end:0:$4:0\">Miguel Aguiar Soares&#8221;<\/span><\/span><\/span><\/p>\n<p>&nbsp;<\/p>\n","protected":false},"excerpt":{"rendered":"<p>Declara\u00e7\u00e3o do Comandante: &#8221; Desde de j\u00e1 o nosso bem haja, pelo contributo da Aryanna Monteiro, que apos ser desafiada para um banho publico, optou por enviar uma ajuda monet\u00e1ria para a nossa Institui\u00e7\u00e3o. Gratos por nos ajudar em t\u00e3o nobre causa.&#8221; &nbsp; Declara\u00e7\u00e3o do Presidente da Associa\u00e7\u00e3o Humanit\u00e1ria dos Bombeiros Volunt\u00e1rios de Vale de [&hellip;]<\/p>\n","protected":false},"author":3,"featured_media":0,"comment_status":"open","ping_status":"open","sticky":false,"template":"","format":"standard","meta":[],"categories":[1],"tags":[],"_links":{"self":[{"href":"http:\/\/www.bombeirosvaledecambra.pt\/index.php?rest_route=\/wp\/v2\/posts\/706"}],"collection":[{"href":"http:\/\/www.bombeirosvaledecambra.pt\/index.php?rest_route=\/wp\/v2\/posts"}],"about":[{"href":"http:\/\/www.bombeirosvaledecambra.pt\/index.php?rest_route=\/wp\/v2\/types\/post"}],"author":[{"embeddable":true,"href":"http:\/\/www.bombeirosvaledecambra.pt\/index.php?rest_route=\/wp\/v2\/users\/3"}],"replies":[{"embeddable":true,"href":"http:\/\/www.bombeirosvaledecambra.pt\/index.php?rest_route=%2Fwp%2Fv2%2Fcomments&post=706"}],"version-history":[{"count":4,"href":"http:\/\/www.bombeirosvaledecambra.pt\/index.php?rest_route=\/wp\/v2\/posts\/706\/revisions"}],"predecessor-version":[{"id":711,"href":"http:\/\/www.bombeirosvaledecambra.pt\/index.php?rest_route=\/wp\/v2\/posts\/706\/revisions\/711"}],"wp:attachment":[{"href":"http:\/\/www.bombeirosvaledecambra.pt\/index.php?rest_route=%2Fwp%2Fv2%2Fmedia&parent=706"}],"wp:term":[{"taxonomy":"category","embeddable":true,"href":"http:\/\/www.bombeirosvaledecambra.pt\/index.php?rest_route=%2Fwp%2Fv2%2Fcategories&post=706"},{"taxonomy":"post_tag","embeddable":true,"href":"http:\/\/www.bombeirosvaledecambra.pt\/index.php?rest_route=%2Fwp%2Fv2%2Ftags&post=706"}],"curies":[{"name":"wp","href":"https:\/\/api.w.org\/{rel}","templated":true}]}}