{"id":723,"date":"2014-12-31T18:35:43","date_gmt":"2014-12-31T18:35:43","guid":{"rendered":"http:\/\/www.bombeirosvaledecambra.pt\/?p=723"},"modified":"2015-01-02T18:45:03","modified_gmt":"2015-01-02T18:45:03","slug":"convite-a-populacao-de-vale-de-cambra","status":"publish","type":"post","link":"http:\/\/www.bombeirosvaledecambra.pt\/?p=723","title":{"rendered":"Convite \u00e0 Popula\u00e7\u00e3o de Vale de Cambra"},"content":{"rendered":"<p>&nbsp;<\/p>\n<p>&nbsp;<\/p>\n<p style=\"text-align: center;\">O Presidente da C\u00e2mara Municipal de Vale de Cambra e o Presidente da Dire\u00e7\u00e3o da Associa\u00e7\u00e3o humanit\u00e1ria dos Bombeiros Volunt\u00e1rios de Vale de Cambra t\u00eam a honra de convidar V. Exa. para os atos evocativos do Dia Municipal do Bombeiro, que ter\u00e3o lugar no pr\u00f3ximo dia 6 de Janeiro de 2015 a partir das 17:00h, nos Pa\u00e7os do Munic\u00edpio, conforme o programa seguinte:<\/p>\n<p style=\"text-align: center;\">&#8211; Entrega da placa evocativa do 55\u00ba Anivers\u00e1rio da Associa\u00e7\u00e3o Humanit\u00e1ria dos Bombeiros Volunt\u00e1rios de Vale de Cambra;<\/p>\n<p style=\"text-align: center;\">&#8211; Entrega de Equipamento de Prote\u00e7\u00e3o Individual para a Corpora\u00e7\u00e3o ( capacetes, fatos, luvas e botas );<\/p>\n<p style=\"text-align: center;\">&#8211; Inaugura\u00e7\u00e3o da exposi\u00e7\u00e3o &#8220;Associa\u00e7\u00e3o Humanit\u00e1ria dos Bombeiros Volunt\u00e1rios de Vale de Cambra &#8211; \u00a055 Anos&#8221;;<\/p>\n<p style=\"text-align: center;\">&#8211; Simulacro de acidente rodovi\u00e1rio.<\/p>\n<p><a href=\"http:\/\/www.bombeirosvaledecambra.pt\/wp-content\/uploads\/2015\/01\/1913308_1575515759328724_603166769997846098_o-e1420223631403.jpg\"><img loading=\"lazy\" class=\"wp-image-724 size-full aligncenter\" src=\"http:\/\/www.bombeirosvaledecambra.pt\/wp-content\/uploads\/2015\/01\/1913308_1575515759328724_603166769997846098_o-e1420223631403.jpg\" alt=\"1913308_1575515759328724_603166769997846098_o\" width=\"611\" height=\"404\" \/><\/a><\/p>\n<p>&nbsp;<\/p>\n<p>&nbsp;<\/p>\n<p>&nbsp;<\/p>\n","protected":false},"excerpt":{"rendered":"<p>&nbsp; &nbsp; O Presidente da C\u00e2mara Municipal de Vale de Cambra e o Presidente da Dire\u00e7\u00e3o da Associa\u00e7\u00e3o humanit\u00e1ria dos Bombeiros Volunt\u00e1rios de Vale de Cambra t\u00eam a honra de convidar V. Exa. para os atos evocativos do Dia Municipal do Bombeiro, que ter\u00e3o lugar no pr\u00f3ximo dia 6 de Janeiro de 2015 a partir [&hellip;]<\/p>\n","protected":false},"author":3,"featured_media":0,"comment_status":"open","ping_status":"open","sticky":false,"template":"","format":"standard","meta":[],"categories":[1],"tags":[],"_links":{"self":[{"href":"http:\/\/www.bombeirosvaledecambra.pt\/index.php?rest_route=\/wp\/v2\/posts\/723"}],"collection":[{"href":"http:\/\/www.bombeirosvaledecambra.pt\/index.php?rest_route=\/wp\/v2\/posts"}],"about":[{"href":"http:\/\/www.bombeirosvaledecambra.pt\/index.php?rest_route=\/wp\/v2\/types\/post"}],"author":[{"embeddable":true,"href":"http:\/\/www.bombeirosvaledecambra.pt\/index.php?rest_route=\/wp\/v2\/users\/3"}],"replies":[{"embeddable":true,"href":"http:\/\/www.bombeirosvaledecambra.pt\/index.php?rest_route=%2Fwp%2Fv2%2Fcomments&post=723"}],"version-history":[{"count":7,"href":"http:\/\/www.bombeirosvaledecambra.pt\/index.php?rest_route=\/wp\/v2\/posts\/723\/revisions"}],"predecessor-version":[{"id":731,"href":"http:\/\/www.bombeirosvaledecambra.pt\/index.php?rest_route=\/wp\/v2\/posts\/723\/revisions\/731"}],"wp:attachment":[{"href":"http:\/\/www.bombeirosvaledecambra.pt\/index.php?rest_route=%2Fwp%2Fv2%2Fmedia&parent=723"}],"wp:term":[{"taxonomy":"category","embeddable":true,"href":"http:\/\/www.bombeirosvaledecambra.pt\/index.php?rest_route=%2Fwp%2Fv2%2Fcategories&post=723"},{"taxonomy":"post_tag","embeddable":true,"href":"http:\/\/www.bombeirosvaledecambra.pt\/index.php?rest_route=%2Fwp%2Fv2%2Ftags&post=723"}],"curies":[{"name":"wp","href":"https:\/\/api.w.org\/{rel}","templated":true}]}}