{"id":876,"date":"2016-08-16T17:41:10","date_gmt":"2016-08-16T17:41:10","guid":{"rendered":"http:\/\/www.bombeirosvaledecambra.pt\/?p=876"},"modified":"2016-08-18T17:43:20","modified_gmt":"2016-08-18T17:43:20","slug":"miguel-aguiar-soares","status":"publish","type":"post","link":"http:\/\/www.bombeirosvaledecambra.pt\/?p=876","title":{"rendered":"Miguel Aguiar Soares"},"content":{"rendered":"<p style=\"text-align: justify;\">No rescaldo dos rescaldos, no intervalo crescente entre reacendimentos, no lavar e recolher das mangueiras, no remendo dos fatos e EPIs, olhamos para tr\u00e1s, e vemos o efeito de uma onda de reconhecimento que ainda mostra o seu pulsar.<br \/>\nOlhamos e um calor de gratid\u00e3o rec\u00edproca alenta o nosso esp\u00edrito. O mesmo de sempre, agora reconhecido. E reconhecemos.<br \/>\nReconhecemos a ajuda, as l\u00e1grimas, os abra\u00e7os, os desenhos; as idades, nos seus extremos; as religi\u00f5es, em v\u00e1rios credos; os clubes, de v\u00e1rias paix\u00f5es; os ideais, de v\u00e1rias correntes; mas o cora\u00e7\u00e3o, esse sempre o mesmo, a mesma entrega, a mesma vontade de ajudar. E de ajudar quem ajuda.<br \/>\nPorque nomear \u00e9 excluir, a todos, sem excep\u00e7\u00e3o, o abra\u00e7o multicolor, multiidealista, multicrente, multiadepto&#8230; Omniagradecido!<br \/>\nObrigado, tamb\u00e9m, porque \u00e9 na simplicidade de gestos e palavras que o reconhecimento \u00e9 mais significante.<br \/>\nObrigado, por isso mesmo.<br \/>\nPelos, por e para os Bombeiros. De todo o pa\u00eds. E muito em especial os de Vale de Cambra.<br \/>\nE os que ajudam quem ajuda.<br \/>\nMAS<\/p>\n<p style=\"text-align: justify;\">\n<p style=\"text-align: justify;\"><a href=\"http:\/\/www.bombeirosvaledecambra.pt\/wp-content\/uploads\/2013\/04\/presidente.jpg\"><img loading=\"lazy\" class=\"alignnone  wp-image-204\" src=\"http:\/\/www.bombeirosvaledecambra.pt\/wp-content\/uploads\/2013\/04\/presidente-300x284.jpg\" alt=\"presidente\" width=\"396\" height=\"375\" srcset=\"http:\/\/www.bombeirosvaledecambra.pt\/wp-content\/uploads\/2013\/04\/presidente-300x284.jpg 300w, http:\/\/www.bombeirosvaledecambra.pt\/wp-content\/uploads\/2013\/04\/presidente.jpg 800w\" sizes=\"(max-width: 396px) 100vw, 396px\" \/><\/a><\/p>\n","protected":false},"excerpt":{"rendered":"<p>No rescaldo dos rescaldos, no intervalo crescente entre reacendimentos, no lavar e recolher das mangueiras, no remendo dos fatos e EPIs, olhamos para tr\u00e1s, e vemos o efeito de uma onda de reconhecimento que ainda mostra o seu pulsar. Olhamos e um calor de gratid\u00e3o rec\u00edproca alenta o nosso esp\u00edrito. O mesmo de sempre, agora [&hellip;]<\/p>\n","protected":false},"author":3,"featured_media":0,"comment_status":"open","ping_status":"open","sticky":false,"template":"","format":"standard","meta":[],"categories":[1],"tags":[],"_links":{"self":[{"href":"http:\/\/www.bombeirosvaledecambra.pt\/index.php?rest_route=\/wp\/v2\/posts\/876"}],"collection":[{"href":"http:\/\/www.bombeirosvaledecambra.pt\/index.php?rest_route=\/wp\/v2\/posts"}],"about":[{"href":"http:\/\/www.bombeirosvaledecambra.pt\/index.php?rest_route=\/wp\/v2\/types\/post"}],"author":[{"embeddable":true,"href":"http:\/\/www.bombeirosvaledecambra.pt\/index.php?rest_route=\/wp\/v2\/users\/3"}],"replies":[{"embeddable":true,"href":"http:\/\/www.bombeirosvaledecambra.pt\/index.php?rest_route=%2Fwp%2Fv2%2Fcomments&post=876"}],"version-history":[{"count":2,"href":"http:\/\/www.bombeirosvaledecambra.pt\/index.php?rest_route=\/wp\/v2\/posts\/876\/revisions"}],"predecessor-version":[{"id":878,"href":"http:\/\/www.bombeirosvaledecambra.pt\/index.php?rest_route=\/wp\/v2\/posts\/876\/revisions\/878"}],"wp:attachment":[{"href":"http:\/\/www.bombeirosvaledecambra.pt\/index.php?rest_route=%2Fwp%2Fv2%2Fmedia&parent=876"}],"wp:term":[{"taxonomy":"category","embeddable":true,"href":"http:\/\/www.bombeirosvaledecambra.pt\/index.php?rest_route=%2Fwp%2Fv2%2Fcategories&post=876"},{"taxonomy":"post_tag","embeddable":true,"href":"http:\/\/www.bombeirosvaledecambra.pt\/index.php?rest_route=%2Fwp%2Fv2%2Ftags&post=876"}],"curies":[{"name":"wp","href":"https:\/\/api.w.org\/{rel}","templated":true}]}}