{"id":879,"date":"2016-08-16T17:44:36","date_gmt":"2016-08-16T17:44:36","guid":{"rendered":"http:\/\/www.bombeirosvaledecambra.pt\/?p=879"},"modified":"2016-08-18T18:10:15","modified_gmt":"2016-08-18T18:10:15","slug":"agradecimentos-da-populacao","status":"publish","type":"post","link":"http:\/\/www.bombeirosvaledecambra.pt\/?p=879","title":{"rendered":"Agradecimentos da popula\u00e7\u00e3o"},"content":{"rendered":"<p><a href=\"http:\/\/www.bombeirosvaledecambra.pt\/wp-content\/uploads\/2013\/08\/1149127_513797128703341_1516384403_o.jpg\"><img loading=\"lazy\" class=\"size-medium wp-image-382 aligncenter\" src=\"http:\/\/www.bombeirosvaledecambra.pt\/wp-content\/uploads\/2013\/08\/1149127_513797128703341_1516384403_o-300x199.jpg\" alt=\"1149127_513797128703341_1516384403_o\" width=\"300\" height=\"199\" srcset=\"http:\/\/www.bombeirosvaledecambra.pt\/wp-content\/uploads\/2013\/08\/1149127_513797128703341_1516384403_o-300x199.jpg 300w, http:\/\/www.bombeirosvaledecambra.pt\/wp-content\/uploads\/2013\/08\/1149127_513797128703341_1516384403_o-1024x682.jpg 1024w, http:\/\/www.bombeirosvaledecambra.pt\/wp-content\/uploads\/2013\/08\/1149127_513797128703341_1516384403_o.jpg 2048w\" sizes=\"(max-width: 300px) 100vw, 300px\" \/><\/a><\/p>\n<p>Pedro Magalh\u00e3es<\/p>\n<p>&#8220;Seis dias consecutivos de inc\u00eandios em Vale de Cambra. N\u00e3o h\u00e1 palavras que possam descrever este inferno. Que os respons\u00e1veis sejam descobertos e severamente punidos. Tamb\u00e9m n\u00e3o tenho palavras que consigam transmitir o meu agradecimento aos Bombeiros Volunt\u00e1rios e aos funcion\u00e1rios municipais. Nas pessoas dos comandantes Victor Machado e Filipe Aguiar e do Presidente Miguel Aguiar Soares agrade\u00e7o profundamente o empenho para proteger os cambrenses.&#8221;<\/p>\n<p>&nbsp;<\/p>\n<p>Jorge Humberto Bastos<\/p>\n<p>&#8220;N\u00f3s \u00e9 que estamos agradecidos.<br \/>\nE tens toda a raz\u00e3o em estar orgulhoso. Os Bombeiros Portugueses em geral mas os de Vale de Cambra em particular t\u00eam sido extraordin\u00e1rios!<br \/>\nMais uma vez muito obrigado.&#8221;<\/p>\n<p>&nbsp;<\/p>\n<p>Jos\u00e9 e No\u00e9lia<\/p>\n<p>&#8220;Um muito obrigada aos bombeiros e a todos os que contribu\u00edram para os nossos her\u00f3is sim o povo de Vale de Cambra s\u00e3o povos muito solid\u00e1rios que reconhecem o esfor\u00e7o dos bombeiros a todos o meu obrigada.&#8221;<\/p>\n<p>&nbsp;<\/p>\n<p>Davide Mota<\/p>\n<p>&#8220;Acho que quem tem de agradecer \u00e9 a popula\u00e7\u00e3o em geral a v\u00f3s, pelo trabalho, for\u00e7a e dedica\u00e7\u00e3o&#8230; Tenho pena de n\u00e3o ter feito mais, testemunhei um pouco do vosso empenho no bem de todos, e do vossa entrega a esta causa que deve ser de todos e tenho no\u00e7\u00e3o que deram o que podiam e mais ainda&#8230;<br \/>\nUm grande bem hajam a todos v\u00f3s&#8230;&#8221;<\/p>\n<p>Zilda Valente Vilanova<\/p>\n<p>&#8220;Toda popula\u00e7\u00e3o reconhece e agradece todo o vosso sacrif\u00edcio, dedica\u00e7\u00e3o e entrega. Muito obrigada!&#8221;<\/p>\n<p>&nbsp;<\/p>\n<p>Ant\u00f3nio Tavares<\/p>\n<p>&#8220;Ol\u00e1 boa tarde a todos venho por este meio agradecer aos comandantes dos bombeiros de Vale de Cambra Filipe Aguiar e o sr. Machado pela a ajuda que deram na P\u00f3voa dos Choes e sobretudo as coopera\u00e7oes de bombeiros volunt\u00e1rios de Santa Cruz da Trapa,Vouzela e S\u00e3o Pedro do Sul pelo bom trabalho e aten\u00e7\u00e3o k tiveram em ajudar a defender estas habita\u00e7\u00f5es desta aldeia um muito obrigada e muita sorte para eles e fam\u00edlia k Deus os proteja.Muito Obrigado&#8230;..&#8221;<\/p>\n<p>&nbsp;<\/p>\n<p>Aqui est\u00e3o alguns exemplos de agradecimentos dirigidos ao Homens e Mulheres que lutaram contra um inimigo sem face, que espreitava em cada esquina e lugar.\u00a0Conseguimos levar a melhor sobre ele, lutamos com todas as nossas for\u00e7as e com a nossa intelig\u00eancia conseguimos derrot\u00e1-lo.<\/p>\n<p>Assim, dizemos OBRIGADO, por termos sido agradecidos e confortados como fomos.<\/p>\n","protected":false},"excerpt":{"rendered":"<p>Pedro Magalh\u00e3es &#8220;Seis dias consecutivos de inc\u00eandios em Vale de Cambra. N\u00e3o h\u00e1 palavras que possam descrever este inferno. Que os respons\u00e1veis sejam descobertos e severamente punidos. Tamb\u00e9m n\u00e3o tenho palavras que consigam transmitir o meu agradecimento aos Bombeiros Volunt\u00e1rios e aos funcion\u00e1rios municipais. Nas pessoas dos comandantes Victor Machado e Filipe Aguiar e do [&hellip;]<\/p>\n","protected":false},"author":3,"featured_media":0,"comment_status":"open","ping_status":"open","sticky":false,"template":"","format":"standard","meta":[],"categories":[1],"tags":[],"_links":{"self":[{"href":"http:\/\/www.bombeirosvaledecambra.pt\/index.php?rest_route=\/wp\/v2\/posts\/879"}],"collection":[{"href":"http:\/\/www.bombeirosvaledecambra.pt\/index.php?rest_route=\/wp\/v2\/posts"}],"about":[{"href":"http:\/\/www.bombeirosvaledecambra.pt\/index.php?rest_route=\/wp\/v2\/types\/post"}],"author":[{"embeddable":true,"href":"http:\/\/www.bombeirosvaledecambra.pt\/index.php?rest_route=\/wp\/v2\/users\/3"}],"replies":[{"embeddable":true,"href":"http:\/\/www.bombeirosvaledecambra.pt\/index.php?rest_route=%2Fwp%2Fv2%2Fcomments&post=879"}],"version-history":[{"count":4,"href":"http:\/\/www.bombeirosvaledecambra.pt\/index.php?rest_route=\/wp\/v2\/posts\/879\/revisions"}],"predecessor-version":[{"id":883,"href":"http:\/\/www.bombeirosvaledecambra.pt\/index.php?rest_route=\/wp\/v2\/posts\/879\/revisions\/883"}],"wp:attachment":[{"href":"http:\/\/www.bombeirosvaledecambra.pt\/index.php?rest_route=%2Fwp%2Fv2%2Fmedia&parent=879"}],"wp:term":[{"taxonomy":"category","embeddable":true,"href":"http:\/\/www.bombeirosvaledecambra.pt\/index.php?rest_route=%2Fwp%2Fv2%2Fcategories&post=879"},{"taxonomy":"post_tag","embeddable":true,"href":"http:\/\/www.bombeirosvaledecambra.pt\/index.php?rest_route=%2Fwp%2Fv2%2Ftags&post=879"}],"curies":[{"name":"wp","href":"https:\/\/api.w.org\/{rel}","templated":true}]}}