{"id":901,"date":"2017-01-15T23:57:10","date_gmt":"2017-01-15T23:57:10","guid":{"rendered":"http:\/\/www.bombeirosvaledecambra.pt\/?p=901"},"modified":"2017-01-18T23:58:43","modified_gmt":"2017-01-18T23:58:43","slug":"57o-aniversario-da-associacao-humanitaria-dos-bombeiros-voluntarios-de-vale-de-cambra","status":"publish","type":"post","link":"http:\/\/www.bombeirosvaledecambra.pt\/?p=901","title":{"rendered":"57\u00ba Anivers\u00e1rio da Associa\u00e7\u00e3o Humanit\u00e1ria dos Bombeiros Volunt\u00e1rios de Vale de Cambra"},"content":{"rendered":"<p><a href=\"http:\/\/www.bombeirosvaledecambra.pt\/wp-content\/uploads\/2017\/01\/15994345_1839377886275842_8210017435409340955_o.jpg\"><img loading=\"lazy\" class=\"aligncenter wp-image-891\" src=\"http:\/\/www.bombeirosvaledecambra.pt\/wp-content\/uploads\/2017\/01\/15994345_1839377886275842_8210017435409340955_o-724x1024.jpg\" alt=\"15994345_1839377886275842_8210017435409340955_o\" width=\"424\" height=\"600\" srcset=\"http:\/\/www.bombeirosvaledecambra.pt\/wp-content\/uploads\/2017\/01\/15994345_1839377886275842_8210017435409340955_o-724x1024.jpg 724w, http:\/\/www.bombeirosvaledecambra.pt\/wp-content\/uploads\/2017\/01\/15994345_1839377886275842_8210017435409340955_o-212x300.jpg 212w, http:\/\/www.bombeirosvaledecambra.pt\/wp-content\/uploads\/2017\/01\/15994345_1839377886275842_8210017435409340955_o.jpg 1240w\" sizes=\"(max-width: 424px) 100vw, 424px\" \/><\/a><\/p>\n<p style=\"text-align: center;\">No pr\u00f3ximo S\u00e1bado dia 21 de Janeiro 2017, comemoramos o 57\u00ba Aniversario desta Institui\u00e7\u00e3o, com a presen\u00e7a do Exmo. Sr. Secretario de Estado da Administra\u00e7\u00e3o Interna Dr. Jorge Gomes, um passo importante no socorro com a assinatura do protocolo da Equipa de Interven\u00e7\u00e3o Permanente.<br \/>\nConvidamos S\u00f3cios e Comunidade para se associarem a n\u00f3s, nesta cerimonia.<\/p>\n","protected":false},"excerpt":{"rendered":"<p>No pr\u00f3ximo S\u00e1bado dia 21 de Janeiro 2017, comemoramos o 57\u00ba Aniversario desta Institui\u00e7\u00e3o, com a presen\u00e7a do Exmo. Sr. Secretario de Estado da Administra\u00e7\u00e3o Interna Dr. Jorge Gomes, um passo importante no socorro com a assinatura do protocolo da Equipa de Interven\u00e7\u00e3o Permanente. Convidamos S\u00f3cios e Comunidade para se associarem a n\u00f3s, nesta cerimonia.<\/p>\n","protected":false},"author":3,"featured_media":0,"comment_status":"open","ping_status":"open","sticky":false,"template":"","format":"standard","meta":[],"categories":[1],"tags":[],"_links":{"self":[{"href":"http:\/\/www.bombeirosvaledecambra.pt\/index.php?rest_route=\/wp\/v2\/posts\/901"}],"collection":[{"href":"http:\/\/www.bombeirosvaledecambra.pt\/index.php?rest_route=\/wp\/v2\/posts"}],"about":[{"href":"http:\/\/www.bombeirosvaledecambra.pt\/index.php?rest_route=\/wp\/v2\/types\/post"}],"author":[{"embeddable":true,"href":"http:\/\/www.bombeirosvaledecambra.pt\/index.php?rest_route=\/wp\/v2\/users\/3"}],"replies":[{"embeddable":true,"href":"http:\/\/www.bombeirosvaledecambra.pt\/index.php?rest_route=%2Fwp%2Fv2%2Fcomments&post=901"}],"version-history":[{"count":2,"href":"http:\/\/www.bombeirosvaledecambra.pt\/index.php?rest_route=\/wp\/v2\/posts\/901\/revisions"}],"predecessor-version":[{"id":903,"href":"http:\/\/www.bombeirosvaledecambra.pt\/index.php?rest_route=\/wp\/v2\/posts\/901\/revisions\/903"}],"wp:attachment":[{"href":"http:\/\/www.bombeirosvaledecambra.pt\/index.php?rest_route=%2Fwp%2Fv2%2Fmedia&parent=901"}],"wp:term":[{"taxonomy":"category","embeddable":true,"href":"http:\/\/www.bombeirosvaledecambra.pt\/index.php?rest_route=%2Fwp%2Fv2%2Fcategories&post=901"},{"taxonomy":"post_tag","embeddable":true,"href":"http:\/\/www.bombeirosvaledecambra.pt\/index.php?rest_route=%2Fwp%2Fv2%2Ftags&post=901"}],"curies":[{"name":"wp","href":"https:\/\/api.w.org\/{rel}","templated":true}]}}