{"id":906,"date":"2017-01-23T13:20:00","date_gmt":"2017-01-23T13:20:00","guid":{"rendered":"http:\/\/www.bombeirosvaledecambra.pt\/?p=906"},"modified":"2017-01-23T19:18:42","modified_gmt":"2017-01-23T19:18:42","slug":"discurso-proferido-pelo-presidente-da-associacao-humanitaria-dos-bombeiros-voluntarios-de-vale-de-cambra-na-celebracao-do-57o-aniversario","status":"publish","type":"post","link":"http:\/\/www.bombeirosvaledecambra.pt\/?p=906","title":{"rendered":"Discurso proferido pelo Presidente da Associa\u00e7\u00e3o Humanit\u00e1ria dos Bombeiros Volunt\u00e1rios de Vale de Cambra, na celebra\u00e7\u00e3o do 57\u00ba Anivers\u00e1rio"},"content":{"rendered":"<p>Exmo. Senhor Secret\u00e1rio de Estado da Administra\u00e7\u00e3o Interna \u2013 Dr. Jorge Gomes<\/p>\n<p>Exma. Senhora Presidente da Assembleia Geral da AHBVVC \u2013 Dra. Angela Matos Gomes<\/p>\n<p>Exmo. Senhor Comendador, Gr\u00e3- Cruz da Ordem do M\u00e9rito &#8211; Eng. Il\u00eddio Pinho<\/p>\n<p>Exmo. Senhor Presidente da C\u00e2mara Municipal de Vale de Cambra \u2013 Sr. Jos\u00e9 Pinheiro<\/p>\n<p>Exmo. Senhor Presidente da Assembleia Municipal de Vale de Cambra \u2013 Eng. Rui Leite<\/p>\n<p>Exmo. Senhor Presidente da ANPC \u2013 Coronel Joaquim Leit\u00e3o<\/p>\n<p>Exmo. Senhor representante do Conselho Executivo da Liga dos Bombeiros Portugueses &#8211; Cmdt. Jos\u00e9 Lu\u00eds Morais<\/p>\n<p>Exmo. Senhor Presidente da Federa\u00e7\u00e3o dos Bombeiros do Distrito de Aveiro \u2013 Dr. Marco Braga<\/p>\n<p>Exmos. Senhores Representantes do Comando da GNR \u2013 Sarg. Clamote<\/p>\n<p>Exmas Senhoras Vereadores e Exmos. Senhores Vereadores,<\/p>\n<p>Senhores Presidentes de Junta de Freguesia,<\/p>\n<p>Exmos representantes das IPSSs de Vale de Cambra,<\/p>\n<p>Senhores Crach\u00e1s de Ouro da Liga dos Bombeiros Portugueses, Medalhados e a Medalhar por servi\u00e7os distintos<\/p>\n<p>Senhores Benem\u00e9ritos e Amigos dos Bombeiros,<\/p>\n<p>Bombeiros, de todas as idades, com e sem farda, no ativo, reserva e no Quadro de Honra, familiares de Bombeiros aqui presentes,<\/p>\n<p>Comunica\u00e7\u00e3o Social,<\/p>\n<p>Valecambrenses<\/p>\n<p>Obrigado! A todos! Por tudo!<\/p>\n<p>Este ano, na presen\u00e7a de todos, e usando deste p\u00falpito, come\u00e7o por evocar a partida de alguns dos nossos, num passado muito recente: o Eng. Miguel Matos, o Sr. Ant\u00f3nio Sousa, o Prof. Belmiro Monteiro da Costa. Foram nossos diretores.<\/p>\n<p>\u00c9 triste ver partir pessoas de que gostamos. Pessoas com quem trabalhamos. Pessoas com quem pudemos contar em muitos dos momentos dif\u00edceis com que nos deparamos.<br \/>\nRecordaremos o seu empenho, acompanham-nos nas nossas preces, estar\u00e3o ao lado de cada um dos nossos Bombeiros nas suas miss\u00f5es.<\/p>\n<p>A Eles, o nosso Obrigado!<\/p>\n<p>O ano de 2016 foi um ano que nos p\u00f4s \u00e0 prova: Popula\u00e7\u00e3o, Munic\u00edpio, Corpo Ativo, Comando e \u00d3rg\u00e3os Sociais.<\/p>\n<p>Recebemos a visita indesejada de dois inc\u00eandios de grandes dimens\u00f5es, que varreram uma parte consider\u00e1vel do nosso Concelho. Em dois extremos, a escassos dias da festividade maior da Nossa Senhora da Sa\u00fade da Serra e distando apenas uns metros do seu recinto, a passar \u00e0 porta de casas, a atravessar estradas, caminhos, vales, a rebater o nosso \u00e2nimo \u00e0 medida que as horas passavam, as chamas lavravam e tudo parecia mais demon\u00edaco.<\/p>\n<p>Contamos, nessas horas penosas, com o precioso apoio de for\u00e7as externas ao Concelho, com Bombeiros de todo o pa\u00eds, com a supervis\u00e3o atenta e segura da estrutura distrital e supradistrital.<br \/>\nContamos, no combate direto ao fogo, com o apoio de estruturas profissionais, sedeadas no nosso Concelho, e com o apoio de populares.<\/p>\n<p>Assistimos, porque estivemos no terreno, \u00e0 disponibiliza\u00e7\u00e3o de cisternas, tratores, viaturas, \u00e1gua, boleia, transportes.<br \/>\nAssistimos, tamb\u00e9m, a uma generosidade sem precedentes, nos postos de comando e nos quart\u00e9is, fazendo-nos chegar \u00e1gua, comida, bebidas, equipamentos, medicamentos, roupa, tratamentos m\u00e9dicos, de enfermagem, terap\u00eauticos e fisioterap\u00eauticos.<br \/>\nAssistimos \u00e0 disponibilidade de profissionais e institui\u00e7\u00f5es que confecionaram refei\u00e7\u00f5es, serviram, acomodaram, distribu\u00edram no terreno, para que, em momento algum, fraquejasse o combate ao fogo.<\/p>\n<p>A todos fomos agradecendo, a todos agradecemos, louvamos, sentimos que s\u00e3o nossos amigos. Porque nomear pode significar esquecer algu\u00e9m, agradecemos publicamente a todos com um cartaz afixado em <em>outdoor<\/em> gentilmente cedido pela Funda\u00e7\u00e3o Luiz Bernardo de Almeida, e elaborado pela Reclacambra. Obrigado! A Todos! Por tudo!<\/p>\n<p>Mas temos que destacar o esfor\u00e7o de algumas entidades e pessoas, sobretudo no que respeita \u00e0s refei\u00e7\u00f5es e \u00e0 sua disponibiliza\u00e7\u00e3o e distribui\u00e7\u00e3o. Muito Obrigado \u00e0 Funda\u00e7\u00e3o Luiz Bernardo de Almeida, ao Centro Social e Paroquial de S. Pedro de Castel\u00f5es, \u00e0 Maria do Carmo, \u00e0 Santa Casa da Miseric\u00f3rdia de Vale de Cambra, \u00e0 Distrivariante, \u00e0 Preval, \u00e0 Padaria de R\u00f4ge, \u00e0 Modelo Continente Hipermercados, ao Sr. Albano Ant\u00f3nio Soares. Para eles pe\u00e7o uma salva de palmas!<\/p>\n<p>Por\u00e9m, os fogos n\u00e3o sucedem por um acaso de calend\u00e1rio, e n\u00e3o foi o final da \u00e9poca de inc\u00eandios que determinou o seu fim. J\u00e1 depois disso tivemos que intervir. Ainda mesmo na semana passada tivemos inc\u00eandios.<\/p>\n<p>N\u00e3o pudemos, no entanto, contar com a equipa adicional que costumamos ter na altura do Dispositivo Especial de Combate a Inc\u00eandios Florestais e, por esse facto, e n\u00e3o raras vezes, tivemos que tocar a sirene, chamar os volunt\u00e1rios dos seus empregos, contar com a compreens\u00e3o dos seus empregadores, com a boa vontade de mulheres e homens que, num instante, se fardam e partem na sua miss\u00e3o.<\/p>\n<p>Por isso, o dia de hoje, com a assinatura, dentro de momentos, de um protocolo que nos atribui uma Equipa de Interven\u00e7\u00e3o Permanente \u00e9 muito importante.<\/p>\n<p>Um refor\u00e7o de 5 elementos dedicados exclusivamente a atividade de Prote\u00e7\u00e3o Civil significa um aumento consider\u00e1vel na nossa capacidade de resposta. Possibilita-nos uma adequa\u00e7\u00e3o e dedica\u00e7\u00e3o mais exclusiva a esta nossa atribui\u00e7\u00e3o e um redesenho da equipa afeta \u00e0 atividade de transporte de doentes, da vertente empresarial que nos vemos for\u00e7ados a seguir para manter e custear a restante atividade. Seremos, aqui tamb\u00e9m, um empregador, como outros, consciente da sua responsabilidade social.<\/p>\n<p>Este Protocolo significa, acima de tudo, o assumir de um projeto a 3, que une no prop\u00f3sito do Socorro \u00e0 popula\u00e7\u00e3o tr\u00eas vertentes distintas da sociedade: O Governo, pela m\u00e3o do Exmo. Senhor Secret\u00e1rio de Estado da Administra\u00e7\u00e3o Interna; a Autarquia, pela m\u00e3o do Sr. Presidente da C\u00e2mara Municipal; a Sociedade Civil, atrav\u00e9s da Associa\u00e7\u00e3o Humanit\u00e1ria dos Bombeiros Volunt\u00e1rios de Vale de Cambra.<br \/>\nSignifica, tamb\u00e9m, uma aposta na capacidade dessa mesma sociedade civil, num papel, neste caso e contexto, de prote\u00e7\u00e3o civil, por n\u00f3s assumida, de uso eficiente de recursos que nos s\u00e3o disponibilizados para usar, em que o esfor\u00e7o financeiro nos \u00e9 aliviado, em que assumimos o garante de um socorro efetivo, eficiente, e eficaz, disponibilizando os meios materiais que o permitir\u00e3o, com toda a certeza.<\/p>\n<p>Uma aposta segura!<\/p>\n<p>Falamos de meios humanos. Queremos mais!<br \/>\n\u00c9, por isso, com esperan\u00e7a, que olhamos para a Nova Escola de Estagi\u00e1rios, com 24 elementos, preconizando a convers\u00e3o em elementos v\u00e1lidos para o nosso Corpo Ativo em plenitude de fun\u00e7\u00f5es. Prezamos a sua forma\u00e7\u00e3o, na atividade espec\u00edfica de Bombeiros e como seres humanos de corpo e alma, estimulando a aprendizagem cont\u00ednua, dentro e fora do Quartel. Obrigado!<\/p>\n<p>Olhamos com alento para os 40 elementos da Nova Escola de Infantes. Neles se inoculou uma paix\u00e3o que n\u00e3o ter\u00e1 limites, e cujos esfor\u00e7os, desde cedo, ser\u00e3o canalizados para um conjunto de valores que os transformar\u00e3o no melhor dos ex\u00e9rcitos, o dos Soldados da Paz. Em v\u00f3s, Meninas e Meninos, reside a esperan\u00e7a de um Corpo de Bombeiros mais forte, mais preparado, mais capaz. Obrigado! Contamos tamb\u00e9m convosco!<\/p>\n<p>No campo das viaturas, este foi um ano de m\u00faltiplas conting\u00eancias, fruto da concentra\u00e7\u00e3o do esfor\u00e7o financeiro no cumprimento dos nossos compromissos, inerentes \u00e0 nossa atividade.<\/p>\n<p>N\u00e3o pudemos, por isso, renovar a frota como pretend\u00edamos, canalizando os esfor\u00e7os e boa vontade volunt\u00e1ria para a readapta\u00e7\u00e3o de viaturas que j\u00e1 det\u00ednhamos, arrematando uma viatura num leil\u00e3o na long\u00ednqua Fran\u00e7a, adquirindo uma outra, com algumas dezenas de anos, para interven\u00e7\u00e3o florestal.<\/p>\n<p>Assim, com o apoio do Senhor Comendador Jos\u00e9 Paulo Martins da Silva, que desde j\u00e1, publicamente, agrade\u00e7o, pudemos adquirir um Ve\u00edculo Florestal de Combate a Inc\u00eandios. Para a sua transforma\u00e7\u00e3o, atualiza\u00e7\u00e3o e adapta\u00e7\u00e3o foi imprescind\u00edvel a colabora\u00e7\u00e3o da firma Irm\u00e3os Ferreira, Lda., a cuja dire\u00e7\u00e3o agrade\u00e7o na pessoa do Sr. Jorge Ferreira.<br \/>\nDedicamos, por isso, esta viatura a estes dois empres\u00e1rios.<\/p>\n<p>Com o apoio pessoal, f\u00edsico e financeiro do nosso Vice-presidente da Dire\u00e7\u00e3o, Sr. Jorge Tiago Leite de Pinho, e a sua prestabilidade, e com o esfor\u00e7o volunt\u00e1rio de Comando e Corpo Ativo, pudemos dotar a Associa\u00e7\u00e3o de uma viatura de Resgate, dedicada \u00e0 val\u00eancia de Mergulho e Salvamento em Grande \u00c2ngulo. Como forma de agradecimento \u00e0 sua fam\u00edlia, em especial \u00e0 sua esposa, Carla, e suas filhas Maria e Matilde, por sua indica\u00e7\u00e3o, ser\u00e1 a viatura dedicada a homenagear os seus entes queridos.<\/p>\n<p>Com o esfor\u00e7o do Comando e Dire\u00e7\u00e3o, por necessidade estrita de substitui\u00e7\u00e3o de uma viatura que, connosco, percorreu mais de 600.000 kms, e da adapta\u00e7\u00e3o aos novos requisitos legais, adquiriu-se uma nova viatura de transporte de doentes, e por decis\u00e3o un\u00e2nime, em reuni\u00e3o de dire\u00e7\u00e3o e comando, foi decidido dedic\u00e1-la \u00e0 mem\u00f3ria do Eng. Miguel Joaquim Moura Ferreira de Matos.<\/p>\n<p>Na semana anterior a ter sido \u201cfurtado\u201d ao nosso conv\u00edvio reuniu connosco, como era quinzenal costume, discutindo e abordando com a tranquilidade e serenidade que eram seu apan\u00e1gio, os assuntos que ent\u00e3o se debatiam. \u201cUma mem\u00f3ria que Existe e se Vive\u201d e viver\u00e1, nos nossos cora\u00e7\u00f5es, e na mem\u00f3ria coletiva desta Associa\u00e7\u00e3o, como o seu pai e o seu irm\u00e3o, que dela fizeram, fazem e far\u00e3o parte.<\/p>\n<p>Por isso, tamb\u00e9m, solicitamos \u00e0 Liga dos Bombeiros Portugueses a atribui\u00e7\u00e3o de uma Medalha por Servi\u00e7os Distintos que se entregar\u00e1 \u00e0 sua fam\u00edlia nesta cerim\u00f3nia. \u00c0 sua m\u00e3e, esposa, filho, irm\u00e3os e amigos queremos dar um testemunho transversal de reconhecimento pelo seu empenho nas realiza\u00e7\u00f5es desta Associa\u00e7\u00e3o, no seu patrim\u00f3nio edificado, nos seus destinos. Sabem que assim era!<\/p>\n<p>Dizia, h\u00e1 um ano, que nos tinha sido proposto avan\u00e7ar para o Centro de Meios A\u00e9reos de Vale de Cambra, na Helipista que viria a substituir a de Algeriz.<\/p>\n<p>Este Centro de Meios A\u00e9reos est\u00e1 praticamente conclu\u00eddo. J\u00e1 o estava, no ano transato.<\/p>\n<p>Diz\u00edamos ent\u00e3o, e mantemos, que \u201c<em>avan\u00e7amos, escudados no desafio que nos foi lan\u00e7ado, no apelo da necessidade da manuten\u00e7\u00e3o de um equipamento estrat\u00e9gico para o Concelho e para a Regi\u00e3o, dimensionado para diversas val\u00eancias e capacidades, dotado de uma estrutura de suporte.<br \/>\nAvan\u00e7amos apoiados pelo empenho do Munic\u00edpio de Vale de Cambra, do Sr. Presidente da Assembleia Municipal, do Sr. Presidente da C\u00e2mara Municipal, que se envolveram institucional e pessoalmente para que fosse poss\u00edvel.<br \/>\nAvan\u00e7amos apoiados no empenho pessoal do Sr. Comendador Il\u00eddio Pinho, que nos instou a lev\u00e1-la a cabo, e acompanhou de perto todo o processo<\/em>\u201d<\/p>\n<p>Senhor Secret\u00e1rio de Estado, no decurso de 2016, aquando da sua presen\u00e7a na apresenta\u00e7\u00e3o do DECIF, em Vale de Cambra, em visita a este espa\u00e7o, procuramos demonstrar a pertin\u00eancia e interesse estrat\u00e9gico desta obra. Recordar-se-\u00e1, com toda a certeza.<\/p>\n<p>Disso mesmo fomos dando conta, ao longo do ano de 2016, em todas as oportunidades de contacto que tivemos, ocasionais e provocadas, junto da Secretaria de Estado.<\/p>\n<p>Por isso, Exmo. Sr. Secret\u00e1rio de Estado da Administra\u00e7\u00e3o Interna, pe\u00e7o-lhe, uma vez mais, a sua ajuda! Esperamos, e desesperamos, por um desfecho que reconhe\u00e7a o m\u00e9rito e o imprescind\u00edvel interesse estrat\u00e9gico deste equipamento para a prote\u00e7\u00e3o civil local, regional, distrital e nacional. Tem a dimens\u00e3o, capacidade e projeto para passar de uma helipista a algo mais, no futuro. Tem possibilidade de expans\u00e3o. Tem reconhecida valia. Falta-nos o apoio para poder finalizar esta primeira fase.<\/p>\n<p>Somos insistentes, porque acreditamos na valia do que pedimos, no projeto que abra\u00e7amos, com o fito exclusivo no bem-estar dos nossos concidad\u00e3os.<\/p>\n<p>Sr. Secret\u00e1rio de Estado, Sr. Dr. Jorge Gomes,<br \/>\nEm Agosto de 2016, combatemos durante largos dias, inc\u00eandios de grandes dimens\u00f5es. O de Arouca, como se dizia nos <em>media<\/em>.<br \/>\nN\u00e3o nos orgulha, acredite, assumir como nossa a localiza\u00e7\u00e3o de um qualquer flagelo, ou epis\u00f3dio dessa natureza, mas n\u00e3o podemos deixar de reivindicar um apoio necess\u00e1rio nas suas consequ\u00eancias, sobretudo quando afetou a todos. A Vale de Cambra, inclusivamente, p\u00f4s casas em perigo, tomou casebres, implicou a perda de vidas animais, e ter\u00e1 um impacto ainda imprevis\u00edvel nos rigores metereol\u00f3gicos que n\u00e3o obedecem a um calend\u00e1rio, e at\u00e9 quase nem mesmo ao Seringador\u2026<br \/>\nPor isso insisti, por diversas vezes, junto da secretaria de Estado para que nos visitasse. Hoje n\u00e3o ser\u00e1 o dia para uma visita guiada, mas fica desde j\u00e1 o convite.<\/p>\n<p>Mas, refor\u00e7o, a nossa maior preocupa\u00e7\u00e3o \u00e9 poder inaugurar o Centro de Meios A\u00e9reos de Vale de Cambra. Pe\u00e7o-lhe, mais uma vez, a sua ajuda, o seu empenho. Reconhe\u00e7a, connosco, a pertin\u00eancia e import\u00e2ncia deste Projeto, que j\u00e1 n\u00e3o \u00e9 um mero projeto, desta concretiza\u00e7\u00e3o. Ser\u00e1, sem d\u00favida, uma verba muito bem empregue, sem derrapagem, sem surpresas negativas. Seria, para n\u00f3s, uma excelente prenda neste anivers\u00e1rio. Obrigado!<\/p>\n<p>\u00c0 comunidade empresarial Valecambrense deixamos um apelo muito importante:<\/p>\n<p>Ao longo de v\u00e1rios anos, temos podido contar com o apoio generoso de algumas empresas, de diversas formas, com donativos em dinheiro e em esp\u00e9cie, em bens materiais e paci\u00eancia, que permitem ir mantendo a atividade \u00e0 tona da \u00e1gua.<br \/>\nTemos batido \u00e0s mesmas portas, que nos t\u00eam ajudado, ainda que em cen\u00e1rio de restri\u00e7\u00e3o.<br \/>\nGostar\u00edamos muito de poder contar com o abrir de outras portas, com o desenvolvimento de uma consci\u00eancia e responsabilidade social do tecido empresarial, fiscalmente eficiente e tranquilizador, integrador de um projeto muito mais vasto de bem-estar do Concelho.<br \/>\nSejam, connosco, uma mais-valia para todos.<\/p>\n<p>Com a vossa ajuda, certamente, poderemos cumprir os nossos compromissos e prestar um ainda melhor socorro \u00e0 nossa popula\u00e7\u00e3o e conseguir um n\u00edvel de prote\u00e7\u00e3o concelhio de refer\u00eancia.<\/p>\n<p>Perspetivando o futuro, n\u00e3o antevemos dificuldades para al\u00e9m das que tivemos no ano passado. Somos prudentes nos desejos, mas n\u00e3o somos de cruzar os bra\u00e7os.<br \/>\nA medida da nossa assump\u00e7\u00e3o de responsabilidades n\u00e3o esticar\u00e1, apenas se substituindo na sua natureza. Faremos diferente, algumas coisas, com os meios que temos.<\/p>\n<p>Garantido que esteja o que agora pedimos, contaremos com a nossa criatividade e empenho das compet\u00eancias internas do nosso maior capital, que s\u00e3o os Nossos Bombeiros.<\/p>\n<p>\u201cAprendi, aqui, que se decide com os p\u00e9s bem assentes na terra, mas sem limites nos sonhos!\u201d<\/p>\n<p>Vale de Cambra precisa dos Bombeiros e os Bombeiros precisam de todos.<\/p>\n<p>Muito Obrigado! A Todos! Por Tudo!<\/p>\n","protected":false},"excerpt":{"rendered":"<p>Exmo. Senhor Secret\u00e1rio de Estado da Administra\u00e7\u00e3o Interna \u2013 Dr. Jorge Gomes Exma. Senhora Presidente da Assembleia Geral da AHBVVC \u2013 Dra. Angela Matos Gomes Exmo. Senhor Comendador, Gr\u00e3- Cruz da Ordem do M\u00e9rito &#8211; Eng. Il\u00eddio Pinho Exmo. Senhor Presidente da C\u00e2mara Municipal de Vale de Cambra \u2013 Sr. Jos\u00e9 Pinheiro Exmo. Senhor Presidente [&hellip;]<\/p>\n","protected":false},"author":3,"featured_media":0,"comment_status":"open","ping_status":"open","sticky":false,"template":"","format":"standard","meta":[],"categories":[1],"tags":[],"_links":{"self":[{"href":"http:\/\/www.bombeirosvaledecambra.pt\/index.php?rest_route=\/wp\/v2\/posts\/906"}],"collection":[{"href":"http:\/\/www.bombeirosvaledecambra.pt\/index.php?rest_route=\/wp\/v2\/posts"}],"about":[{"href":"http:\/\/www.bombeirosvaledecambra.pt\/index.php?rest_route=\/wp\/v2\/types\/post"}],"author":[{"embeddable":true,"href":"http:\/\/www.bombeirosvaledecambra.pt\/index.php?rest_route=\/wp\/v2\/users\/3"}],"replies":[{"embeddable":true,"href":"http:\/\/www.bombeirosvaledecambra.pt\/index.php?rest_route=%2Fwp%2Fv2%2Fcomments&post=906"}],"version-history":[{"count":1,"href":"http:\/\/www.bombeirosvaledecambra.pt\/index.php?rest_route=\/wp\/v2\/posts\/906\/revisions"}],"predecessor-version":[{"id":907,"href":"http:\/\/www.bombeirosvaledecambra.pt\/index.php?rest_route=\/wp\/v2\/posts\/906\/revisions\/907"}],"wp:attachment":[{"href":"http:\/\/www.bombeirosvaledecambra.pt\/index.php?rest_route=%2Fwp%2Fv2%2Fmedia&parent=906"}],"wp:term":[{"taxonomy":"category","embeddable":true,"href":"http:\/\/www.bombeirosvaledecambra.pt\/index.php?rest_route=%2Fwp%2Fv2%2Fcategories&post=906"},{"taxonomy":"post_tag","embeddable":true,"href":"http:\/\/www.bombeirosvaledecambra.pt\/index.php?rest_route=%2Fwp%2Fv2%2Ftags&post=906"}],"curies":[{"name":"wp","href":"https:\/\/api.w.org\/{rel}","templated":true}]}}