{"id":929,"date":"2017-01-25T18:52:08","date_gmt":"2017-01-25T18:52:08","guid":{"rendered":"http:\/\/www.bombeirosvaledecambra.pt\/?p=929"},"modified":"2017-01-25T18:54:53","modified_gmt":"2017-01-25T18:54:53","slug":"discurso-proferido-pelo-comandante-do-corpo-de-bombeiros-da-associacao-humanitaria-dos-bombeiros-voluntarios-de-vale-de-cambra-na-celebracao-do-57o-aniversario","status":"publish","type":"post","link":"http:\/\/www.bombeirosvaledecambra.pt\/?p=929","title":{"rendered":"Discurso proferido pelo Comandante do Corpo de Bombeiros da Associa\u00e7\u00e3o Humanit\u00e1ria dos Bombeiros Volunt\u00e1rios de Vale de Cambra, na celebra\u00e7\u00e3o do 57\u00ba Anivers\u00e1rio"},"content":{"rendered":"<p>Exmo. Sr. Secret\u00e1rio de Estado da Administra\u00e7\u00e3o Interna Dr. Jorge Gomes<\/p>\n<p>Exma Dra. Angela Matos Gomes, Presidente da Assembleia Geral da AHBVVC<\/p>\n<p>Exmo. Sr.Comendador Eng. Il\u00eddio Pinho<\/p>\n<p>Exmo. Sr. Eng. Jos\u00e9 Pinheiro Presidente da C\u00e2mara\u00a0 Municipal<\/p>\n<p>Exmo Sr. Eng. Rui Leite Presidente da Assembleia Municipal<\/p>\n<p>Exmo. Senhor Presidente da Autoridade Nacional de Prote\u00e7\u00e3o Civil, Coronel Joaquim Leit\u00e3o<\/p>\n<p>Exmo. Senhor Cmdt. Jos\u00e9 Luis Morais do Conselho executivo da Liga dos Bombeiros Portugueses,<\/p>\n<p>Comandante Operacional de Agrupamento Distrital Centro Norte, Eng. Ant\u00f3nio Ribeiro<\/p>\n<p>Exmo. Sr. Dr. Marco Braga da Federa\u00e7\u00e3o dos Bombeiros do Distrito de Aveiro<\/p>\n<p>Presidente da Dire\u00e7\u00e3o, Exmo Sr. Dr. Miguel Aguiar Soares<\/p>\n<p>Org\u00e3os Sociais desta Institui\u00e7\u00e3o<\/p>\n<p>S\u00f3cios<\/p>\n<p>Representantes das institui\u00e7\u00f5es convidadas<\/p>\n<p>Dire\u00e7\u00f5es de Bombeiros<\/p>\n<p>Car\u00edssimos e Amigos Comandantes<\/p>\n<p>Bombeiros do meu CB<\/p>\n<p>Comunica\u00e7\u00e3o Social<\/p>\n<p>Fazemo-lo h\u00e1 57 anos, todos os dias, de dia ou de noite, a qualquer hora, s\u00e3o assim os Bombeiros Volunt\u00e1rios de Vale de Cambra\u2026 abra\u00e7amos a causa, escolhemos a miss\u00e3o de socorrer!<\/p>\n<p>Homens e mulheres que insistem em afirmar o lema vida por vida abnegadamente privando a fam\u00edlia e os seus demais.<\/p>\n<p>2016 assim foi, socorrer quem de n\u00f3s precisou, interviemos em 7864 ocorr\u00eancias, das quais 124 ocorr\u00eancias em riscos tecnol\u00f3gicos, 160 ocorr\u00eancias em opera\u00e7\u00f5es e estados de alerta, 7289 ocorr\u00eancias em protec\u00e7\u00e3o e assist\u00eancia a pessoas e bens e 291 ocorr\u00eancias em riscos mistos.<\/p>\n<p>O ano de 2016 foi um ano misto em sentimentos\u2026um sentimento de miss\u00e3o cumprida \u2013 n\u00e3o chegamos mais cedo, n\u00e3o chegamos a todos como gostar\u00edamos com a rapidez desejada por impossibilidade mas conseguimos minimizar aquilo que podia ter sido um verdadeiro terror \u2013 mas um outro sentimento de impot\u00eancia perante as adversidades que nos foram impostas no ver\u00e3o passado. Dissemos PRONTO em todas as frentes e lutamos sempre contra tudo e contra todos com o intu\u00edto de salvar pessoas e bens.<\/p>\n<p>Estivemos l\u00e1 e de mangas arrega\u00e7adas\u2026 N\u00f3s somos Bombeiros de Vale de Cambra do qual me orgulho imenso.<\/p>\n<p>Vimos ardidos no nosso concelho cerca de 3 200 Ha de mancha florestal o que representa um n\u00famero significativo.<\/p>\n<p>Com todos os apoios chegados a Vale de Cambra CONSEGUIMOS! OBRIGADO, \u00e1 comunidade, que nos apoiou incondicionalmente, pelas palavras de afeto e motiva\u00e7\u00e3o, pelas d\u00e1divas entregues durante esse per\u00edodo!<\/p>\n<p>MUITO OBRIGADO!!!!<\/p>\n<p>Tivemos desgaste f\u00edsico, psicol\u00f3gico e at\u00e9 de material\u2026por isso gra\u00e7as a AMIGOS, amigos verdadeiros desta fam\u00edlia inauguramos, hoje, mais um Ve\u00edculo Florestal Combate a Inc\u00eandios, ve\u00edculo que por imperativo das circunst\u00e2ncias, j\u00e1 fez parte do Dispositivo de 2016, mas s\u00f3 se tornou realidade a sua aquisi\u00e7\u00e3o pela ajuda abnegada da Empresa JPM na pessoa do Comendador Jos\u00e9 Paulo e Empresa Irm\u00e3os Ferreira na pessoa do Sr.Jorge Ferreira.<\/p>\n<p>O nosso MUITO OBRIGADO!!! Estamos muito gratos.<\/p>\n<p>E porque ainda falamos daquilo que nos obriga a maior empenho \u2013 os inc\u00eandios florestais \u2013 \u00e9 para n\u00f3s Bombeiros de Vale de Cambra um orgulho este novo edif\u00edcio que cresceu aqui ao lado, equipamento que consideramos uma mais-valia como Centro de Meios A\u00e9reos, uma infraestrutura moderna, com val\u00eancias que o atual n\u00e3o tem, esperemos que possa ser desbloqueada a situa\u00e7\u00e3o para que neste ano de 2017, o meio a\u00e9reo de combate a inc\u00eandios florestais e a for\u00e7a GIPS possam operar a partir daqui.<\/p>\n<p>Sendo, a Emerg\u00eancia Pr\u00e9- Hospitalar a nossa grande preocupa\u00e7\u00e3o, porque representa cerca de 70% das ocorr\u00eancias, continuamos a investir na forma\u00e7\u00e3o do Corpo de Bombeiros nessa \u00e1rea, OBRIGADO, \u00e1 Dire\u00e7\u00e3o pelo apoio constante nas minhas solicita\u00e7\u00f5es, foram mais quatro elementos TAS, que terminaram esta semana a sua forma\u00e7\u00e3o, suportada na sua totalidade pela Institui\u00e7\u00e3o.<\/p>\n<p>Mas para uma resposta respons\u00e1vel, com o profissionalismo que requer este tipo de interven\u00e7\u00f5es, as ambul\u00e2ncias fazem parte integrante da resposta, como tenho transmitido \u00e1 minha dign\u00edssima Dire\u00e7\u00e3o, a necessidade de aquisi\u00e7\u00e3o de uma nova Ambul\u00e2ncia no \u00e2mbito do pr\u00e9 hospitalar, tenho consci\u00eancia das nossas dificuldades, pois vivemos o dia-dia apoiados em escassos subs\u00eddios, mas \u00e9 uma necessidade urgente, face a uma popula\u00e7\u00e3o envelhecida, distante dos Hospitais de referencia, temos como consequ\u00eancia, socorro que leva em media 01h40, e o ve\u00edculo mas moderno nesta \u00e1rea tem 7 anos e conta j\u00e1 com 300.000 KM.<\/p>\n<p>O Transporte de doentes significa para n\u00f3s uma outra grande fatia das nossas atua\u00e7\u00f5es, executado na \u00edntegra por profissionais da Institui\u00e7\u00e3o, um servi\u00e7o que pretendemos que continue a ser executado com qualidade e o conforto que os nossos doentes merecem, dai quero enaltecer o esfor\u00e7o da Dire\u00e7\u00e3o na aquisi\u00e7\u00e3o do novo ve\u00edculo, dedicado exclusivamente a esse transporte.<\/p>\n<p>Esta Dire\u00e7\u00e3o pro ativa, que caminha ao lado do seu Corpo de Bombeiros, que todo tem feito para que possamos ter sempre as melhores condi\u00e7\u00f5es, sendo vis\u00edvel nestes \u00faltimos tempos, a exemplo disso este Quartel Operacional.<\/p>\n<p>Recentemente esta Direc\u00e7\u00e3o adquiriu em leil\u00e3o em Fran\u00e7a um veiculo, que tamb\u00e9m descerraremos hoje placa de inaugura\u00e7\u00e3o como VOPE, que inicialmente seria para reconduzir como veiculo no \u00e2mbito do pr\u00e9 hospitalar, veio se a verificar que seria de todo imposs\u00edvel esse objetivo, por solicita\u00e7\u00e3o do comando e como \u00e9 nosso apan\u00e1gio o manter, recuperar e operacionalizar, apresentamos hoje o veiculo com as val\u00eancias de Resgate na componente de mergulho de resgate e Salvamento em grande \u00e2ngulo.<\/p>\n<p>E porque a resposta em prontid\u00e3o durante as horas laborais, sempre esteve condicionada, pois depende dos profissionais adstritos ao transporte de doentes, sempre foi uma preocupa\u00e7\u00e3o deste Comando, hoje finalmente, assinar-se-\u00e0 o protocolo para o arranque da EIP, com a presen\u00e7a muito especial do Sr. Dr. Jorge Gomes SEMAI, um desejo antigo, uma necessidade premente, para um concelho altamente industrializado,<\/p>\n<p>Gostaria de agradecer ao nosso Presidente da C\u00e2mara Jos\u00e9 Pinheiro, tudo empenho que colocou neste nosso objectivo, desde a primeira abordagem da situa\u00e7\u00e3o mostrou a vontade de formalizar a candidatura, Obrigado por estar com os seus Bombeiros, e pelo voto de confian\u00e7a que deposita em n\u00f3s, reconhecemos o seu valor nas a\u00e7\u00f5es de Prote\u00e7\u00e3o Civil, nunca n\u00f3s abandonou OBRIGADO<\/p>\n<p>\u00c0 ANPC por este voto de confian\u00e7a, Obrigado Sr. Presidente Coronel Joaquim Leit\u00e3o, por nos dotar de cinco Bombeiros para a primeira Interven\u00e7\u00e3o.<\/p>\n<p>N\u00e3o menos importante tenho que demonstrar aqui o meu orgulho, tamb\u00e9m, pela Escola de estagi\u00e1rios que iniciamos em Novembro passado 24 Estagi\u00e1rios que come\u00e7aram a sua forma\u00e7\u00e3o, responderam pronto para num futuro pr\u00f3ximo poderem socorrer de quem mais necessita e Escola de Infantes que este ano \u00e9 composta por 40 elementos, que j\u00e1 leva 5 anos de exist\u00eancia, uma aposta deste Comando, grato aos monitores pela sua perseveran\u00e7a e capacidade de motiva\u00e7\u00e3o dos mi\u00fados.<\/p>\n<p>Orgulho\u2026 e atrevo-me a dizer que estas crian\u00e7as e estes jovens poderiam andar por a\u00ed a praticar actividades diferentes mas n\u00e3o\u2026quiseram assumir o compromisso com os valecambrenses\u2026MUITO OBRIGADO!!!<\/p>\n<p>Aposto em v\u00f3s!!!<\/p>\n<p>Agrade\u00e7o ainda a todos os outros Homens e Mulheres do Corpo Activo pelo seu empenho e dedica\u00e7\u00e3o num ano muito controverso, \u00e0s suas fam\u00edlias por continuarem apoiar o Bombeiro l\u00e1 de casa que se ausenta.<\/p>\n<p>E como n\u00e3o me ocorre outra frase, a n\u00e3o ser aquela que marca o meu ano de 2016, neste corpo de Bombeiros,<\/p>\n<p>Obrigado, a todos por tudo<\/p>\n","protected":false},"excerpt":{"rendered":"<p>Exmo. Sr. Secret\u00e1rio de Estado da Administra\u00e7\u00e3o Interna Dr. Jorge Gomes Exma Dra. Angela Matos Gomes, Presidente da Assembleia Geral da AHBVVC Exmo. Sr.Comendador Eng. Il\u00eddio Pinho Exmo. Sr. Eng. Jos\u00e9 Pinheiro Presidente da C\u00e2mara\u00a0 Municipal Exmo Sr. Eng. Rui Leite Presidente da Assembleia Municipal Exmo. Senhor Presidente da Autoridade Nacional de Prote\u00e7\u00e3o Civil, Coronel [&hellip;]<\/p>\n","protected":false},"author":3,"featured_media":0,"comment_status":"open","ping_status":"open","sticky":false,"template":"","format":"standard","meta":[],"categories":[1],"tags":[],"_links":{"self":[{"href":"http:\/\/www.bombeirosvaledecambra.pt\/index.php?rest_route=\/wp\/v2\/posts\/929"}],"collection":[{"href":"http:\/\/www.bombeirosvaledecambra.pt\/index.php?rest_route=\/wp\/v2\/posts"}],"about":[{"href":"http:\/\/www.bombeirosvaledecambra.pt\/index.php?rest_route=\/wp\/v2\/types\/post"}],"author":[{"embeddable":true,"href":"http:\/\/www.bombeirosvaledecambra.pt\/index.php?rest_route=\/wp\/v2\/users\/3"}],"replies":[{"embeddable":true,"href":"http:\/\/www.bombeirosvaledecambra.pt\/index.php?rest_route=%2Fwp%2Fv2%2Fcomments&post=929"}],"version-history":[{"count":1,"href":"http:\/\/www.bombeirosvaledecambra.pt\/index.php?rest_route=\/wp\/v2\/posts\/929\/revisions"}],"predecessor-version":[{"id":930,"href":"http:\/\/www.bombeirosvaledecambra.pt\/index.php?rest_route=\/wp\/v2\/posts\/929\/revisions\/930"}],"wp:attachment":[{"href":"http:\/\/www.bombeirosvaledecambra.pt\/index.php?rest_route=%2Fwp%2Fv2%2Fmedia&parent=929"}],"wp:term":[{"taxonomy":"category","embeddable":true,"href":"http:\/\/www.bombeirosvaledecambra.pt\/index.php?rest_route=%2Fwp%2Fv2%2Fcategories&post=929"},{"taxonomy":"post_tag","embeddable":true,"href":"http:\/\/www.bombeirosvaledecambra.pt\/index.php?rest_route=%2Fwp%2Fv2%2Ftags&post=929"}],"curies":[{"name":"wp","href":"https:\/\/api.w.org\/{rel}","templated":true}]}}