{"id":943,"date":"2017-02-02T11:01:55","date_gmt":"2017-02-02T11:01:55","guid":{"rendered":"http:\/\/www.bombeirosvaledecambra.pt\/?p=943"},"modified":"2017-02-14T11:06:21","modified_gmt":"2017-02-14T11:06:21","slug":"convite-para-assembleia-geral-ordinaria-desta-associacao-no-dia-04-de-marco-de-2017","status":"publish","type":"post","link":"http:\/\/www.bombeirosvaledecambra.pt\/?p=943","title":{"rendered":"Convite para Assembleia Geral Ordin\u00e1ria desta Associa\u00e7\u00e3o no dia 04 de Mar\u00e7o de 2017"},"content":{"rendered":"<p><a href=\"http:\/\/www.bombeirosvaledecambra.pt\/wp-content\/uploads\/2017\/02\/0001.jpg\"><img loading=\"lazy\" class=\"alignleft wp-image-945\" src=\"http:\/\/www.bombeirosvaledecambra.pt\/wp-content\/uploads\/2017\/02\/0001-724x1024.jpg\" alt=\"0001\" width=\"600\" height=\"849\" srcset=\"http:\/\/www.bombeirosvaledecambra.pt\/wp-content\/uploads\/2017\/02\/0001-724x1024.jpg 724w, http:\/\/www.bombeirosvaledecambra.pt\/wp-content\/uploads\/2017\/02\/0001-212x300.jpg 212w\" sizes=\"(max-width: 600px) 100vw, 600px\" \/><\/a><\/p>\n","protected":false},"excerpt":{"rendered":"","protected":false},"author":3,"featured_media":0,"comment_status":"open","ping_status":"open","sticky":false,"template":"","format":"standard","meta":[],"categories":[1],"tags":[],"_links":{"self":[{"href":"http:\/\/www.bombeirosvaledecambra.pt\/index.php?rest_route=\/wp\/v2\/posts\/943"}],"collection":[{"href":"http:\/\/www.bombeirosvaledecambra.pt\/index.php?rest_route=\/wp\/v2\/posts"}],"about":[{"href":"http:\/\/www.bombeirosvaledecambra.pt\/index.php?rest_route=\/wp\/v2\/types\/post"}],"author":[{"embeddable":true,"href":"http:\/\/www.bombeirosvaledecambra.pt\/index.php?rest_route=\/wp\/v2\/users\/3"}],"replies":[{"embeddable":true,"href":"http:\/\/www.bombeirosvaledecambra.pt\/index.php?rest_route=%2Fwp%2Fv2%2Fcomments&post=943"}],"version-history":[{"count":5,"href":"http:\/\/www.bombeirosvaledecambra.pt\/index.php?rest_route=\/wp\/v2\/posts\/943\/revisions"}],"predecessor-version":[{"id":950,"href":"http:\/\/www.bombeirosvaledecambra.pt\/index.php?rest_route=\/wp\/v2\/posts\/943\/revisions\/950"}],"wp:attachment":[{"href":"http:\/\/www.bombeirosvaledecambra.pt\/index.php?rest_route=%2Fwp%2Fv2%2Fmedia&parent=943"}],"wp:term":[{"taxonomy":"category","embeddable":true,"href":"http:\/\/www.bombeirosvaledecambra.pt\/index.php?rest_route=%2Fwp%2Fv2%2Fcategories&post=943"},{"taxonomy":"post_tag","embeddable":true,"href":"http:\/\/www.bombeirosvaledecambra.pt\/index.php?rest_route=%2Fwp%2Fv2%2Ftags&post=943"}],"curies":[{"name":"wp","href":"https:\/\/api.w.org\/{rel}","templated":true}]}}