{"id":952,"date":"2017-02-03T11:08:39","date_gmt":"2017-02-03T11:08:39","guid":{"rendered":"http:\/\/www.bombeirosvaledecambra.pt\/?p=952"},"modified":"2017-02-14T11:10:19","modified_gmt":"2017-02-14T11:10:19","slug":"convocatoria-para-a-assembleia-geral-ordinaria-da-associacao-humanitaria-dos-bombeiros-voluntarios-de-vale-de-cambra-do-dia-04-de-marco-de-2017","status":"publish","type":"post","link":"http:\/\/www.bombeirosvaledecambra.pt\/?p=952","title":{"rendered":"Convocat\u00f3ria para a Assembleia Geral Ordin\u00e1ria da Associa\u00e7\u00e3o Humanit\u00e1ria dos Bombeiros Volunt\u00e1rios de Vale de Cambra do dia 04 de Mar\u00e7o de 2017"},"content":{"rendered":"<p><a href=\"http:\/\/www.bombeirosvaledecambra.pt\/wp-content\/uploads\/2017\/02\/0002.jpg\"><img loading=\"lazy\" class=\"alignleft wp-image-944\" src=\"http:\/\/www.bombeirosvaledecambra.pt\/wp-content\/uploads\/2017\/02\/0002.jpg\" alt=\"0002\" width=\"600\" height=\"849\" srcset=\"http:\/\/www.bombeirosvaledecambra.pt\/wp-content\/uploads\/2017\/02\/0002.jpg 2480w, http:\/\/www.bombeirosvaledecambra.pt\/wp-content\/uploads\/2017\/02\/0002-212x300.jpg 212w, http:\/\/www.bombeirosvaledecambra.pt\/wp-content\/uploads\/2017\/02\/0002-724x1024.jpg 724w\" sizes=\"(max-width: 600px) 100vw, 600px\" \/><\/a><\/p>\n","protected":false},"excerpt":{"rendered":"","protected":false},"author":3,"featured_media":0,"comment_status":"open","ping_status":"open","sticky":false,"template":"","format":"standard","meta":[],"categories":[1],"tags":[],"_links":{"self":[{"href":"http:\/\/www.bombeirosvaledecambra.pt\/index.php?rest_route=\/wp\/v2\/posts\/952"}],"collection":[{"href":"http:\/\/www.bombeirosvaledecambra.pt\/index.php?rest_route=\/wp\/v2\/posts"}],"about":[{"href":"http:\/\/www.bombeirosvaledecambra.pt\/index.php?rest_route=\/wp\/v2\/types\/post"}],"author":[{"embeddable":true,"href":"http:\/\/www.bombeirosvaledecambra.pt\/index.php?rest_route=\/wp\/v2\/users\/3"}],"replies":[{"embeddable":true,"href":"http:\/\/www.bombeirosvaledecambra.pt\/index.php?rest_route=%2Fwp%2Fv2%2Fcomments&post=952"}],"version-history":[{"count":1,"href":"http:\/\/www.bombeirosvaledecambra.pt\/index.php?rest_route=\/wp\/v2\/posts\/952\/revisions"}],"predecessor-version":[{"id":953,"href":"http:\/\/www.bombeirosvaledecambra.pt\/index.php?rest_route=\/wp\/v2\/posts\/952\/revisions\/953"}],"wp:attachment":[{"href":"http:\/\/www.bombeirosvaledecambra.pt\/index.php?rest_route=%2Fwp%2Fv2%2Fmedia&parent=952"}],"wp:term":[{"taxonomy":"category","embeddable":true,"href":"http:\/\/www.bombeirosvaledecambra.pt\/index.php?rest_route=%2Fwp%2Fv2%2Fcategories&post=952"},{"taxonomy":"post_tag","embeddable":true,"href":"http:\/\/www.bombeirosvaledecambra.pt\/index.php?rest_route=%2Fwp%2Fv2%2Ftags&post=952"}],"curies":[{"name":"wp","href":"https:\/\/api.w.org\/{rel}","templated":true}]}}