{"id":965,"date":"2017-10-04T22:38:02","date_gmt":"2017-10-04T22:38:02","guid":{"rendered":"http:\/\/www.bombeirosvaledecambra.pt\/?p=965"},"modified":"2017-10-04T22:38:02","modified_gmt":"2017-10-04T22:38:02","slug":"sessao-de-informacao-e-sensibilizacao-11-de-outubro","status":"publish","type":"post","link":"http:\/\/www.bombeirosvaledecambra.pt\/?p=965","title":{"rendered":"Sess\u00e3o de informa\u00e7\u00e3o e sensibiliza\u00e7\u00e3o &#8211; 11 de Outubro"},"content":{"rendered":"<p>Iniciamos em Junqueira dia 11 de Outubro 2017, a ac\u00e7\u00e3o de sensibiliza\u00e7\u00e3o junto da popula\u00e7\u00e3o, com o apoio da ADRIMAG e do Vale + Social da C\u00e2mara Municipal de Vale de Cambra.<\/p>\n<p>Com\u00a0o tema de &#8220;Preven\u00e7\u00e3o em situa\u00e7\u00e3o de emerg\u00eancia&#8221;, contamos informar a popula\u00e7\u00e3o que se queira juntar no locais pr\u00e9 estabelecidos, de sinais, sintomas e de pequenos gestos que\u00a0 podem marcar a diferen\u00e7a numa situa\u00e7\u00e3o de emerg\u00eancia.<\/p>\n<p>Esta sensibiliza\u00e7\u00e3o estende-se a todas as freguesias.<\/p>\n<p><a href=\"http:\/\/www.bombeirosvaledecambra.pt\/wp-content\/uploads\/2017\/10\/11-10-Junqueira.jpg\"><img loading=\"lazy\" class=\"aligncenter size-full wp-image-959\" src=\"http:\/\/www.bombeirosvaledecambra.pt\/wp-content\/uploads\/2017\/10\/11-10-Junqueira.jpg\" alt=\"11-10 - Junqueira\" width=\"654\" height=\"1003\" \/><\/a><\/p>\n","protected":false},"excerpt":{"rendered":"<p>Iniciamos em Junqueira dia 11 de Outubro 2017, a ac\u00e7\u00e3o de sensibiliza\u00e7\u00e3o junto da popula\u00e7\u00e3o, com o apoio da ADRIMAG e do Vale + Social da C\u00e2mara Municipal de Vale de Cambra. Com\u00a0o tema de &#8220;Preven\u00e7\u00e3o em situa\u00e7\u00e3o de emerg\u00eancia&#8221;, contamos informar a popula\u00e7\u00e3o que se queira juntar no locais pr\u00e9 estabelecidos, de sinais, sintomas [&hellip;]<\/p>\n","protected":false},"author":3,"featured_media":0,"comment_status":"open","ping_status":"open","sticky":false,"template":"","format":"standard","meta":[],"categories":[1],"tags":[],"_links":{"self":[{"href":"http:\/\/www.bombeirosvaledecambra.pt\/index.php?rest_route=\/wp\/v2\/posts\/965"}],"collection":[{"href":"http:\/\/www.bombeirosvaledecambra.pt\/index.php?rest_route=\/wp\/v2\/posts"}],"about":[{"href":"http:\/\/www.bombeirosvaledecambra.pt\/index.php?rest_route=\/wp\/v2\/types\/post"}],"author":[{"embeddable":true,"href":"http:\/\/www.bombeirosvaledecambra.pt\/index.php?rest_route=\/wp\/v2\/users\/3"}],"replies":[{"embeddable":true,"href":"http:\/\/www.bombeirosvaledecambra.pt\/index.php?rest_route=%2Fwp%2Fv2%2Fcomments&post=965"}],"version-history":[{"count":4,"href":"http:\/\/www.bombeirosvaledecambra.pt\/index.php?rest_route=\/wp\/v2\/posts\/965\/revisions"}],"predecessor-version":[{"id":969,"href":"http:\/\/www.bombeirosvaledecambra.pt\/index.php?rest_route=\/wp\/v2\/posts\/965\/revisions\/969"}],"wp:attachment":[{"href":"http:\/\/www.bombeirosvaledecambra.pt\/index.php?rest_route=%2Fwp%2Fv2%2Fmedia&parent=965"}],"wp:term":[{"taxonomy":"category","embeddable":true,"href":"http:\/\/www.bombeirosvaledecambra.pt\/index.php?rest_route=%2Fwp%2Fv2%2Fcategories&post=965"},{"taxonomy":"post_tag","embeddable":true,"href":"http:\/\/www.bombeirosvaledecambra.pt\/index.php?rest_route=%2Fwp%2Fv2%2Ftags&post=965"}],"curies":[{"name":"wp","href":"https:\/\/api.w.org\/{rel}","templated":true}]}}