{"id":996,"date":"2018-07-30T21:26:08","date_gmt":"2018-07-30T21:26:08","guid":{"rendered":"http:\/\/www.bombeirosvaledecambra.pt\/?p=996"},"modified":"2018-07-30T21:26:08","modified_gmt":"2018-07-30T21:26:08","slug":"curso-tat-tripulante-de-ambulancia-de-transporte","status":"publish","type":"post","link":"http:\/\/www.bombeirosvaledecambra.pt\/?p=996","title":{"rendered":"Curso TAT &#8211; Tripulante de Ambul\u00e2ncia de Transporte"},"content":{"rendered":"<p>Foi, no passado dia 29 de Julho que 10 elementos da Escola 2018 deste Corpo de bombeiros, terminou a forma\u00e7\u00e3o de TAT &#8211; Tripulante de Ambul\u00e2ncia de Transporte.<br \/>\nTendo iniciado no passado dia 18, em regime p\u00f3s laboral e de fim de semana, com uma dura\u00e7\u00e3o de 50 horas, este curso, que visa dotar os formandos com compet\u00eancias necess\u00e1rias no \u00e2mbito da avalia\u00e7\u00e3o e estabiliza\u00e7\u00e3o da v\u00edtima, realiza\u00e7\u00e3o de manobras de suporte b\u00e1sico de vida (SBV) com desfibrilha\u00e7\u00e3o autom\u00e1tica externa (DAE), imobiliza\u00e7\u00e3o e transporte de v\u00edtimas de doen\u00e7a s\u00fabita e\/ou trauma, habilitando-os a integrar as tripula\u00e7\u00f5es das Ambul\u00e2ncias de Transporte podendo ainda fazer parte das tripula\u00e7\u00f5es das Ambul\u00e2ncias de Socorro em conjunto com o tripulante de ambul\u00e2ncia de socorro.<br \/>\nCom o grupo de Vale de Cambra, este incorporado um elemento do Corpo de Bombeiros de \u00cdlhavo que tamb\u00e9m atingiu os objectivos pr\u00e9 marcados.<br \/>\nResta agradecer aos formandos e aos formadores pelas horas despendidas e dar os parab\u00e9ns pela supera\u00e7\u00e3o desta etapa.<\/p>\n<p style=\"text-align: center;\"><a href=\"http:\/\/www.bombeirosvaledecambra.pt\/wp-content\/uploads\/2018\/07\/38020772_2127499824130312_6393498040631558144_o.jpg\"><img loading=\"lazy\" class=\"alignleft wp-image-998\" src=\"http:\/\/www.bombeirosvaledecambra.pt\/wp-content\/uploads\/2018\/07\/38020772_2127499824130312_6393498040631558144_o-300x225.jpg\" alt=\"38020772_2127499824130312_6393498040631558144_o\" width=\"600\" height=\"450\" srcset=\"http:\/\/www.bombeirosvaledecambra.pt\/wp-content\/uploads\/2018\/07\/38020772_2127499824130312_6393498040631558144_o-300x225.jpg 300w, http:\/\/www.bombeirosvaledecambra.pt\/wp-content\/uploads\/2018\/07\/38020772_2127499824130312_6393498040631558144_o-1024x768.jpg 1024w, http:\/\/www.bombeirosvaledecambra.pt\/wp-content\/uploads\/2018\/07\/38020772_2127499824130312_6393498040631558144_o.jpg 1984w\" sizes=\"(max-width: 600px) 100vw, 600px\" \/><\/a><br \/>\nEstagi\u00e1rio Ana Ferreira<br \/>\nEstagi\u00e1rio \u00c2ngela Castro<br \/>\nEstagi\u00e1rio Hugo Silva<br \/>\nEstagi\u00e1rio Hugo Fernandes<br \/>\nEstagi\u00e1rio Jo\u00e3o Muacho<br \/>\nEstagi\u00e1rio Mara Silva<br \/>\nEstagi\u00e1rio Maria Correia<br \/>\nEstagi\u00e1rio Miguel Silva<br \/>\nEstagi\u00e1rio Paulo Marques<br \/>\nEstagi\u00e1rio Victor Soares<\/p>\n<p style=\"text-align: center;\">Formador Armando Pinho<br \/>\nFormador Filipe Martins<\/p>\n","protected":false},"excerpt":{"rendered":"<p>Foi, no passado dia 29 de Julho que 10 elementos da Escola 2018 deste Corpo de bombeiros, terminou a forma\u00e7\u00e3o de TAT &#8211; Tripulante de Ambul\u00e2ncia de Transporte. Tendo iniciado no passado dia 18, em regime p\u00f3s laboral e de fim de semana, com uma dura\u00e7\u00e3o de 50 horas, este curso, que visa dotar os [&hellip;]<\/p>\n","protected":false},"author":3,"featured_media":0,"comment_status":"open","ping_status":"open","sticky":false,"template":"","format":"standard","meta":[],"categories":[1],"tags":[],"_links":{"self":[{"href":"http:\/\/www.bombeirosvaledecambra.pt\/index.php?rest_route=\/wp\/v2\/posts\/996"}],"collection":[{"href":"http:\/\/www.bombeirosvaledecambra.pt\/index.php?rest_route=\/wp\/v2\/posts"}],"about":[{"href":"http:\/\/www.bombeirosvaledecambra.pt\/index.php?rest_route=\/wp\/v2\/types\/post"}],"author":[{"embeddable":true,"href":"http:\/\/www.bombeirosvaledecambra.pt\/index.php?rest_route=\/wp\/v2\/users\/3"}],"replies":[{"embeddable":true,"href":"http:\/\/www.bombeirosvaledecambra.pt\/index.php?rest_route=%2Fwp%2Fv2%2Fcomments&post=996"}],"version-history":[{"count":11,"href":"http:\/\/www.bombeirosvaledecambra.pt\/index.php?rest_route=\/wp\/v2\/posts\/996\/revisions"}],"predecessor-version":[{"id":1008,"href":"http:\/\/www.bombeirosvaledecambra.pt\/index.php?rest_route=\/wp\/v2\/posts\/996\/revisions\/1008"}],"wp:attachment":[{"href":"http:\/\/www.bombeirosvaledecambra.pt\/index.php?rest_route=%2Fwp%2Fv2%2Fmedia&parent=996"}],"wp:term":[{"taxonomy":"category","embeddable":true,"href":"http:\/\/www.bombeirosvaledecambra.pt\/index.php?rest_route=%2Fwp%2Fv2%2Fcategories&post=996"},{"taxonomy":"post_tag","embeddable":true,"href":"http:\/\/www.bombeirosvaledecambra.pt\/index.php?rest_route=%2Fwp%2Fv2%2Ftags&post=996"}],"curies":[{"name":"wp","href":"https:\/\/api.w.org\/{rel}","templated":true}]}}