{"id":1012,"date":"2018-07-09T21:16:09","date_gmt":"2018-07-09T21:16:09","guid":{"rendered":"http:\/\/www.bombeirosvaledecambra.pt\/?p=1012"},"modified":"2018-07-30T21:35:30","modified_gmt":"2018-07-30T21:35:30","slug":"curso-ts-tecnicas-de-socorrismo","status":"publish","type":"post","link":"https:\/\/www.bombeirosvaledecambra.pt\/?p=1012","title":{"rendered":"Curso TS &#8211; T\u00e9cnicas de Socorrismo"},"content":{"rendered":"<p style=\"text-align: justify;\">Foi, no passado dia 8 de Julho que 5 elementos da Escola 2018 deste Corpo de bombeiros, terminou a forma\u00e7\u00e3o de TS &#8211; T\u00e9cnicas de Socorrismo.<br \/>\nTendo iniciado no passado dia 26 de Junho, em regime p\u00f3s laboral e de fim de semana, com uma dura\u00e7\u00e3o de 50 horas, este curso, que visa dotar os formandos com compet\u00eancias t\u00e9cnico-operacionais no \u00e2mbito da avalia\u00e7\u00e3o do doente, realiza\u00e7\u00e3o de manobras de Suporte B\u00e1sico de Vida (SBV), imobiliza\u00e7\u00e3o e transporte de v\u00edtimas de doen\u00e7a s\u00fabita e\/ou trauma.<\/p>\n<p style=\"text-align: justify;\">Resta agradecer aos formandos e ao formador pelas horas despendidas e dar os parab\u00e9ns pela supera\u00e7\u00e3o desta etapa.<\/p>\n<p style=\"text-align: justify;\"><a href=\"http:\/\/www.bombeirosvaledecambra.pt\/wp-content\/uploads\/2018\/07\/38135296_2127492520797709_1657103742639538176_o2.jpg\"><img loading=\"lazy\" class=\"aligncenter wp-image-1011\" src=\"http:\/\/www.bombeirosvaledecambra.pt\/wp-content\/uploads\/2018\/07\/38135296_2127492520797709_1657103742639538176_o2-1024x768.jpg\" alt=\"38135296_2127492520797709_1657103742639538176_o\" width=\"600\" height=\"450\" srcset=\"https:\/\/www.bombeirosvaledecambra.pt\/wp-content\/uploads\/2018\/07\/38135296_2127492520797709_1657103742639538176_o2-1024x768.jpg 1024w, https:\/\/www.bombeirosvaledecambra.pt\/wp-content\/uploads\/2018\/07\/38135296_2127492520797709_1657103742639538176_o2-300x225.jpg 300w, https:\/\/www.bombeirosvaledecambra.pt\/wp-content\/uploads\/2018\/07\/38135296_2127492520797709_1657103742639538176_o2.jpg 1984w\" sizes=\"(max-width: 600px) 100vw, 600px\" \/><\/a><\/p>\n<p style=\"text-align: center;\">Estagi\u00e1rio Gon\u00e7alo Soares Oliveira<br \/>\nEstagiario Francisca Martins Silva<br \/>\nEstagiario Guilherme de Bastos Machado<span class=\"text_exposed_show\"><br \/>\nEstagiario Emanuel Gomes Tavares da Silva<br \/>\nEstagi\u00e1rio Fernando Jorge Jesus da Silva<br \/>\nFormador Filipe Martins<\/span><\/p>\n","protected":false},"excerpt":{"rendered":"<p>Foi, no passado dia 8 de Julho que 5 elementos da Escola 2018 deste Corpo de bombeiros, terminou a forma\u00e7\u00e3o de TS &#8211; T\u00e9cnicas de Socorrismo. Tendo iniciado no passado dia 26 de Junho, em regime p\u00f3s laboral e de fim de semana, com uma dura\u00e7\u00e3o de 50 horas, este curso, que visa dotar os [&hellip;]<\/p>\n","protected":false},"author":3,"featured_media":0,"comment_status":"open","ping_status":"open","sticky":false,"template":"","format":"standard","meta":[],"categories":[1],"tags":[],"_links":{"self":[{"href":"https:\/\/www.bombeirosvaledecambra.pt\/index.php?rest_route=\/wp\/v2\/posts\/1012"}],"collection":[{"href":"https:\/\/www.bombeirosvaledecambra.pt\/index.php?rest_route=\/wp\/v2\/posts"}],"about":[{"href":"https:\/\/www.bombeirosvaledecambra.pt\/index.php?rest_route=\/wp\/v2\/types\/post"}],"author":[{"embeddable":true,"href":"https:\/\/www.bombeirosvaledecambra.pt\/index.php?rest_route=\/wp\/v2\/users\/3"}],"replies":[{"embeddable":true,"href":"https:\/\/www.bombeirosvaledecambra.pt\/index.php?rest_route=%2Fwp%2Fv2%2Fcomments&post=1012"}],"version-history":[{"count":5,"href":"https:\/\/www.bombeirosvaledecambra.pt\/index.php?rest_route=\/wp\/v2\/posts\/1012\/revisions"}],"predecessor-version":[{"id":1022,"href":"https:\/\/www.bombeirosvaledecambra.pt\/index.php?rest_route=\/wp\/v2\/posts\/1012\/revisions\/1022"}],"wp:attachment":[{"href":"https:\/\/www.bombeirosvaledecambra.pt\/index.php?rest_route=%2Fwp%2Fv2%2Fmedia&parent=1012"}],"wp:term":[{"taxonomy":"category","embeddable":true,"href":"https:\/\/www.bombeirosvaledecambra.pt\/index.php?rest_route=%2Fwp%2Fv2%2Fcategories&post=1012"},{"taxonomy":"post_tag","embeddable":true,"href":"https:\/\/www.bombeirosvaledecambra.pt\/index.php?rest_route=%2Fwp%2Fv2%2Ftags&post=1012"}],"curies":[{"name":"wp","href":"https:\/\/api.w.org\/{rel}","templated":true}]}}