{"id":1024,"date":"2018-08-14T10:53:11","date_gmt":"2018-08-14T10:53:11","guid":{"rendered":"http:\/\/www.bombeirosvaledecambra.pt\/?p=1024"},"modified":"2018-08-14T13:31:59","modified_gmt":"2018-08-14T13:31:59","slug":"risco-de-incendio-elevado-ipma","status":"publish","type":"post","link":"https:\/\/www.bombeirosvaledecambra.pt\/?p=1024","title":{"rendered":"Risco de inc\u00eandio elevado &#8211; IPMA"},"content":{"rendered":"<p style=\"text-align: justify;\">Como nos informa o site do Instituto Portugu\u00eas do Mar e da Atmosfera, o nosso concelho encontra-se em risco\u00a0elevado, nos dias 14 e 15,\u00a0 a muito elevado no dia 16.<\/p>\n<p style=\"text-align: justify;\">Desta forma, salientamos as regras que devem estar sempre presentes:<\/p>\n<p style=\"text-align: justify;\">&#8211; \u00c9 proibido fazer queimas e queimadas.<\/p>\n<p style=\"text-align: justify;\">&#8211; \u00c9 proibido o uso de fogareiros e grelhadores, salvo se usados nos locais autorizados.<\/p>\n<p style=\"text-align: justify;\">&#8211; \u00c9 proibido fumar ou fazer qualquer tipo de lume nos espa\u00e7os florestais.<\/p>\n<p style=\"text-align: justify;\">&#8211; \u00c9 proibido o lan\u00e7amento de bal\u00f5es de mecha acesa e de foguetes. O uso de fogo de artif\u00edcio s\u00f3 \u00e9 permitido com autoriza\u00e7\u00e3o da C\u00e2mara Municipal.<\/p>\n<p style=\"text-align: justify;\">&#8211; \u00c9 proibido fumigar ou desinfestar em api\u00e1rios excepto se os fumigadores tiverem dispositivos de reten\u00e7\u00e3o de fa\u00falhas.<\/p>\n<p style=\"text-align: justify;\">&#8211; \u00c9 obrigat\u00f3rio usar de dispositivos de reten\u00e7\u00e3o de fa\u00edscas e de tapa-chamas nos tubos escape e chamin\u00e9s das m\u00e1quinas de combust\u00e3o interna e externa e nos ve\u00edculos de transporte pesados e 1 ou 2 extintores de 6 Kg, consoante o peso m\u00e1ximo seja inferior ou superior a 10 toneladas.<\/p>\n<p style=\"text-align: center;\"><iframe loading=\"lazy\" src=\"https:\/\/fogos.icnf.pt\/rif\/Stat_Global_Sensibilizacao_Riscolist2.asp?x_distrito=Aveiro&amp;x_concelho=Vale de Cambra\" width=\"340\" height=\"440\"><br \/>\n<\/iframe><\/p>\n","protected":false},"excerpt":{"rendered":"<p>Como nos informa o site do Instituto Portugu\u00eas do Mar e da Atmosfera, o nosso concelho encontra-se em risco\u00a0elevado, nos dias 14 e 15,\u00a0 a muito elevado no dia 16. Desta forma, salientamos as regras que devem estar sempre presentes: &#8211; \u00c9 proibido fazer queimas e queimadas. &#8211; \u00c9 proibido o uso de fogareiros e [&hellip;]<\/p>\n","protected":false},"author":3,"featured_media":0,"comment_status":"open","ping_status":"open","sticky":false,"template":"","format":"standard","meta":[],"categories":[1],"tags":[],"_links":{"self":[{"href":"https:\/\/www.bombeirosvaledecambra.pt\/index.php?rest_route=\/wp\/v2\/posts\/1024"}],"collection":[{"href":"https:\/\/www.bombeirosvaledecambra.pt\/index.php?rest_route=\/wp\/v2\/posts"}],"about":[{"href":"https:\/\/www.bombeirosvaledecambra.pt\/index.php?rest_route=\/wp\/v2\/types\/post"}],"author":[{"embeddable":true,"href":"https:\/\/www.bombeirosvaledecambra.pt\/index.php?rest_route=\/wp\/v2\/users\/3"}],"replies":[{"embeddable":true,"href":"https:\/\/www.bombeirosvaledecambra.pt\/index.php?rest_route=%2Fwp%2Fv2%2Fcomments&post=1024"}],"version-history":[{"count":12,"href":"https:\/\/www.bombeirosvaledecambra.pt\/index.php?rest_route=\/wp\/v2\/posts\/1024\/revisions"}],"predecessor-version":[{"id":1036,"href":"https:\/\/www.bombeirosvaledecambra.pt\/index.php?rest_route=\/wp\/v2\/posts\/1024\/revisions\/1036"}],"wp:attachment":[{"href":"https:\/\/www.bombeirosvaledecambra.pt\/index.php?rest_route=%2Fwp%2Fv2%2Fmedia&parent=1024"}],"wp:term":[{"taxonomy":"category","embeddable":true,"href":"https:\/\/www.bombeirosvaledecambra.pt\/index.php?rest_route=%2Fwp%2Fv2%2Fcategories&post=1024"},{"taxonomy":"post_tag","embeddable":true,"href":"https:\/\/www.bombeirosvaledecambra.pt\/index.php?rest_route=%2Fwp%2Fv2%2Ftags&post=1024"}],"curies":[{"name":"wp","href":"https:\/\/api.w.org\/{rel}","templated":true}]}}