{"id":980,"date":"2017-10-20T23:14:13","date_gmt":"2017-10-20T23:14:13","guid":{"rendered":"http:\/\/www.bombeirosvaledecambra.pt\/?p=980"},"modified":"2017-10-20T23:14:42","modified_gmt":"2017-10-20T23:14:42","slug":"sessao-de-informacao-e-sensibilizacao-23de-outubro","status":"publish","type":"post","link":"https:\/\/www.bombeirosvaledecambra.pt\/?p=980","title":{"rendered":"Sess\u00e3o de informa\u00e7\u00e3o e sensibiliza\u00e7\u00e3o \u2013  23 de Outubro"},"content":{"rendered":"<p>Iniciamos em Junqueira dia 11 de Outubro 2017, a ac\u00e7\u00e3o de sensibiliza\u00e7\u00e3o junto da popula\u00e7\u00e3o, com o apoio da ADRIMAG e do Vale + Social da C\u00e2mara Municipal de Vale de Cambra.<br \/>\nCom o tema de \u201cPreven\u00e7\u00e3o em situa\u00e7\u00e3o de emerg\u00eancia\u201d, contamos informar a popula\u00e7\u00e3o que se queira juntar no locais pr\u00e9 estabelecidos, de sinais, sintomas e de pequenos gestos que  podem marcar a diferen\u00e7a numa situa\u00e7\u00e3o de emerg\u00eancia.<br \/>\nEsta sensibiliza\u00e7\u00e3o estende-se a todas as freguesias.<br \/>\n<a href=\"http:\/\/www.bombeirosvaledecambra.pt\/wp-content\/uploads\/2017\/10\/23-10-Ar\u00f5es.jpg\"><img loading=\"lazy\" src=\"http:\/\/www.bombeirosvaledecambra.pt\/wp-content\/uploads\/2017\/10\/23-10-Ar\u00f5es.jpg\" alt=\"23-10- Ar\u00f5es\" width=\"654\" height=\"1003\" class=\"aligncenter size-full wp-image-964\" \/><\/a><\/p>\n","protected":false},"excerpt":{"rendered":"<p>Iniciamos em Junqueira dia 11 de Outubro 2017, a ac\u00e7\u00e3o de sensibiliza\u00e7\u00e3o junto da popula\u00e7\u00e3o, com o apoio da ADRIMAG e do Vale + Social da C\u00e2mara Municipal de Vale de Cambra. Com o tema de \u201cPreven\u00e7\u00e3o em situa\u00e7\u00e3o de emerg\u00eancia\u201d, contamos informar a popula\u00e7\u00e3o que se queira juntar no locais pr\u00e9 estabelecidos, de sinais, [&hellip;]<\/p>\n","protected":false},"author":3,"featured_media":0,"comment_status":"open","ping_status":"open","sticky":false,"template":"","format":"standard","meta":[],"categories":[1],"tags":[],"_links":{"self":[{"href":"https:\/\/www.bombeirosvaledecambra.pt\/index.php?rest_route=\/wp\/v2\/posts\/980"}],"collection":[{"href":"https:\/\/www.bombeirosvaledecambra.pt\/index.php?rest_route=\/wp\/v2\/posts"}],"about":[{"href":"https:\/\/www.bombeirosvaledecambra.pt\/index.php?rest_route=\/wp\/v2\/types\/post"}],"author":[{"embeddable":true,"href":"https:\/\/www.bombeirosvaledecambra.pt\/index.php?rest_route=\/wp\/v2\/users\/3"}],"replies":[{"embeddable":true,"href":"https:\/\/www.bombeirosvaledecambra.pt\/index.php?rest_route=%2Fwp%2Fv2%2Fcomments&post=980"}],"version-history":[{"count":2,"href":"https:\/\/www.bombeirosvaledecambra.pt\/index.php?rest_route=\/wp\/v2\/posts\/980\/revisions"}],"predecessor-version":[{"id":982,"href":"https:\/\/www.bombeirosvaledecambra.pt\/index.php?rest_route=\/wp\/v2\/posts\/980\/revisions\/982"}],"wp:attachment":[{"href":"https:\/\/www.bombeirosvaledecambra.pt\/index.php?rest_route=%2Fwp%2Fv2%2Fmedia&parent=980"}],"wp:term":[{"taxonomy":"category","embeddable":true,"href":"https:\/\/www.bombeirosvaledecambra.pt\/index.php?rest_route=%2Fwp%2Fv2%2Fcategories&post=980"},{"taxonomy":"post_tag","embeddable":true,"href":"https:\/\/www.bombeirosvaledecambra.pt\/index.php?rest_route=%2Fwp%2Fv2%2Ftags&post=980"}],"curies":[{"name":"wp","href":"https:\/\/api.w.org\/{rel}","templated":true}]}}