{"id":985,"date":"2018-02-16T18:36:14","date_gmt":"2018-02-16T18:36:14","guid":{"rendered":"http:\/\/www.bombeirosvaledecambra.pt\/?p=985"},"modified":"2018-02-16T18:36:14","modified_gmt":"2018-02-16T18:36:14","slug":"comemoracoes-do-6o-aniversario-da-escola-de-cadetes-e-infantes","status":"publish","type":"post","link":"https:\/\/www.bombeirosvaledecambra.pt\/?p=985","title":{"rendered":"Comemora\u00e7\u00f5es do 6\u00ba Anivers\u00e1rio da Escola de Cadetes e Infantes"},"content":{"rendered":"<p style=\"text-align: justify;\">Apesar da sua data de funda\u00e7\u00e3o ser 5 de Fevereiro de 2012, o que faz com que conte j\u00e1 com 6 anos de exist\u00eancia, iremos comemorar o seu anivers\u00e1rio no pr\u00f3ximo dia 18, percorrendo as art\u00e9rias da nossa cidade, demonstrando todo o vigor deste corpo de bombeiros e dos seus elementos mais novos.<br \/>\n\u00c9 pena que ap\u00f3s termos adiado um fim de semana o que tinhamos preparado, o S\u00e3o Pedro, n\u00e3o nos permitiu que concretizasse-mos o nosso plano, que contemplava um desfile apeado e motorizado.<br \/>\nComo temos consci\u00eancia da import\u00e2ncia destes elementos, &#8220;futuros BOMBEIROS&#8221;, iremos, apesar de n\u00e3o ser o nosso projeto inicial, incorporar o desfile carnavalesco organizado pela C\u00e2mara Municipal, fazendo a sua abertura, com viaturas.<\/p>\n<p style=\"text-align: justify;\">\n<a href=\"http:\/\/www.bombeirosvaledecambra.pt\/wp-content\/uploads\/2018\/02\/Diapositivo5.jpg\"><img loading=\"lazy\" class=\"aligncenter size-full wp-image-984\" src=\"http:\/\/www.bombeirosvaledecambra.pt\/wp-content\/uploads\/2018\/02\/Diapositivo5.jpg\" alt=\"Diapositivo5\" width=\"600\" height=\"950\" \/><\/a><\/p>\n","protected":false},"excerpt":{"rendered":"<p>Apesar da sua data de funda\u00e7\u00e3o ser 5 de Fevereiro de 2012, o que faz com que conte j\u00e1 com 6 anos de exist\u00eancia, iremos comemorar o seu anivers\u00e1rio no pr\u00f3ximo dia 18, percorrendo as art\u00e9rias da nossa cidade, demonstrando todo o vigor deste corpo de bombeiros e dos seus elementos mais novos. \u00c9 pena [&hellip;]<\/p>\n","protected":false},"author":3,"featured_media":0,"comment_status":"open","ping_status":"open","sticky":false,"template":"","format":"standard","meta":[],"categories":[1],"tags":[],"_links":{"self":[{"href":"https:\/\/www.bombeirosvaledecambra.pt\/index.php?rest_route=\/wp\/v2\/posts\/985"}],"collection":[{"href":"https:\/\/www.bombeirosvaledecambra.pt\/index.php?rest_route=\/wp\/v2\/posts"}],"about":[{"href":"https:\/\/www.bombeirosvaledecambra.pt\/index.php?rest_route=\/wp\/v2\/types\/post"}],"author":[{"embeddable":true,"href":"https:\/\/www.bombeirosvaledecambra.pt\/index.php?rest_route=\/wp\/v2\/users\/3"}],"replies":[{"embeddable":true,"href":"https:\/\/www.bombeirosvaledecambra.pt\/index.php?rest_route=%2Fwp%2Fv2%2Fcomments&post=985"}],"version-history":[{"count":5,"href":"https:\/\/www.bombeirosvaledecambra.pt\/index.php?rest_route=\/wp\/v2\/posts\/985\/revisions"}],"predecessor-version":[{"id":990,"href":"https:\/\/www.bombeirosvaledecambra.pt\/index.php?rest_route=\/wp\/v2\/posts\/985\/revisions\/990"}],"wp:attachment":[{"href":"https:\/\/www.bombeirosvaledecambra.pt\/index.php?rest_route=%2Fwp%2Fv2%2Fmedia&parent=985"}],"wp:term":[{"taxonomy":"category","embeddable":true,"href":"https:\/\/www.bombeirosvaledecambra.pt\/index.php?rest_route=%2Fwp%2Fv2%2Fcategories&post=985"},{"taxonomy":"post_tag","embeddable":true,"href":"https:\/\/www.bombeirosvaledecambra.pt\/index.php?rest_route=%2Fwp%2Fv2%2Ftags&post=985"}],"curies":[{"name":"wp","href":"https:\/\/api.w.org\/{rel}","templated":true}]}}