{"id":993,"date":"2018-03-17T12:36:51","date_gmt":"2018-03-17T12:36:51","guid":{"rendered":"http:\/\/www.bombeirosvaledecambra.pt\/?p=993"},"modified":"2018-03-17T12:36:51","modified_gmt":"2018-03-17T12:36:51","slug":"jantar-solidario-24-de-marco-pelas-20h-30","status":"publish","type":"post","link":"https:\/\/www.bombeirosvaledecambra.pt\/?p=993","title":{"rendered":"Jantar Solid\u00e1rio &#8211; 24 de Mar\u00e7o pelas 20h 30"},"content":{"rendered":"<p>Com o intuito de ajudar os Bombeiros Volunt\u00e1rios de Vale de Cambra, dois amigos desta causa, puseram m\u00e3os \u00e1 obra e ir\u00e3o organizar um jantar solid\u00e1rio, com a finalidade\u00a0de angariarem fundos para a compra de equipamento de prote\u00e7\u00e3o individual, ir\u00e1 realizar-se no espa\u00e7o Cerveja Vadia em Ossela, pelas 20 horas e 30 minutos do pr\u00f3ximo dia 24 do corrente m\u00eas.<\/p>\n<p style=\"text-align: center;\"><a href=\"http:\/\/www.bombeirosvaledecambra.pt\/wp-content\/uploads\/2018\/03\/29214255_2038022886411340_5959580349862350132_n.jpg\"><img loading=\"lazy\" class=\"aligncenter size-full wp-image-992\" src=\"http:\/\/www.bombeirosvaledecambra.pt\/wp-content\/uploads\/2018\/03\/29214255_2038022886411340_5959580349862350132_n.jpg\" alt=\"29214255_2038022886411340_5959580349862350132_n\" width=\"678\" height=\"960\" srcset=\"https:\/\/www.bombeirosvaledecambra.pt\/wp-content\/uploads\/2018\/03\/29214255_2038022886411340_5959580349862350132_n.jpg 678w, https:\/\/www.bombeirosvaledecambra.pt\/wp-content\/uploads\/2018\/03\/29214255_2038022886411340_5959580349862350132_n-212x300.jpg 212w\" sizes=\"(max-width: 678px) 100vw, 678px\" \/><\/a><\/p>\n<p>&nbsp;<\/p>\n","protected":false},"excerpt":{"rendered":"<p>Com o intuito de ajudar os Bombeiros Volunt\u00e1rios de Vale de Cambra, dois amigos desta causa, puseram m\u00e3os \u00e1 obra e ir\u00e3o organizar um jantar solid\u00e1rio, com a finalidade\u00a0de angariarem fundos para a compra de equipamento de prote\u00e7\u00e3o individual, ir\u00e1 realizar-se no espa\u00e7o Cerveja Vadia em Ossela, pelas 20 horas e 30 minutos do pr\u00f3ximo [&hellip;]<\/p>\n","protected":false},"author":3,"featured_media":0,"comment_status":"open","ping_status":"open","sticky":false,"template":"","format":"standard","meta":[],"categories":[1],"tags":[],"_links":{"self":[{"href":"https:\/\/www.bombeirosvaledecambra.pt\/index.php?rest_route=\/wp\/v2\/posts\/993"}],"collection":[{"href":"https:\/\/www.bombeirosvaledecambra.pt\/index.php?rest_route=\/wp\/v2\/posts"}],"about":[{"href":"https:\/\/www.bombeirosvaledecambra.pt\/index.php?rest_route=\/wp\/v2\/types\/post"}],"author":[{"embeddable":true,"href":"https:\/\/www.bombeirosvaledecambra.pt\/index.php?rest_route=\/wp\/v2\/users\/3"}],"replies":[{"embeddable":true,"href":"https:\/\/www.bombeirosvaledecambra.pt\/index.php?rest_route=%2Fwp%2Fv2%2Fcomments&post=993"}],"version-history":[{"count":1,"href":"https:\/\/www.bombeirosvaledecambra.pt\/index.php?rest_route=\/wp\/v2\/posts\/993\/revisions"}],"predecessor-version":[{"id":994,"href":"https:\/\/www.bombeirosvaledecambra.pt\/index.php?rest_route=\/wp\/v2\/posts\/993\/revisions\/994"}],"wp:attachment":[{"href":"https:\/\/www.bombeirosvaledecambra.pt\/index.php?rest_route=%2Fwp%2Fv2%2Fmedia&parent=993"}],"wp:term":[{"taxonomy":"category","embeddable":true,"href":"https:\/\/www.bombeirosvaledecambra.pt\/index.php?rest_route=%2Fwp%2Fv2%2Fcategories&post=993"},{"taxonomy":"post_tag","embeddable":true,"href":"https:\/\/www.bombeirosvaledecambra.pt\/index.php?rest_route=%2Fwp%2Fv2%2Ftags&post=993"}],"curies":[{"name":"wp","href":"https:\/\/api.w.org\/{rel}","templated":true}]}}